{"id":2878,"date":"2020-06-05T10:31:11","date_gmt":"2020-06-05T08:31:11","guid":{"rendered":"http:\/\/agora.xtec.cat\/ceipsalvadorninot\/?p=2878"},"modified":"2020-06-05T10:32:49","modified_gmt":"2020-06-05T08:32:49","slug":"dona-la-nota","status":"publish","type":"post","link":"https:\/\/agora.xtec.cat\/ceipsalvadorninot\/general\/dona-la-nota\/","title":{"rendered":"Dona la nota!"},"content":{"rendered":"<p>Avui, <strong>dia 5 de juny<\/strong>, \u00e9s el dia mundial del medi ambient. Per celebrar-ho, volem unir-nos a la iniciativa DONA LA NOTA.<\/p>\n<p><a href=\"https:\/\/agora.xtec.cat\/ceipsalvadorninot\/wp-content\/uploads\/usu1097\/2020\/06\/La-nota.png\"><img loading=\"lazy\" decoding=\"async\" class=\"size-full wp-image-2877 aligncenter\" src=\"https:\/\/agora.xtec.cat\/ceipsalvadorninot\/wp-content\/uploads\/usu1097\/2020\/06\/La-nota.png\" alt=\"\" width=\"420\" height=\"211\" srcset=\"https:\/\/agora.xtec.cat\/ceipsalvadorninot\/wp-content\/uploads\/usu1097\/2020\/06\/La-nota.png 420w, https:\/\/agora.xtec.cat\/ceipsalvadorninot\/wp-content\/uploads\/usu1097\/2020\/06\/La-nota-300x151.png 300w\" sizes=\"auto, (max-width: 420px) 100vw, 420px\" \/><\/a><\/p>\n<p><strong>Qu\u00e8 hem de fer?<\/strong> Escoltar i cantar la can\u00e7\u00f3: No ens desdibuixeu.<\/p>\n<p><strong><a href=\"https:\/\/youtu.be\/z5csyfS5B_o\">https:\/\/youtu.be\/z5csyfS5B_o<\/a><\/strong><\/p>\n<p><strong>Quan?<\/strong> Sobre les 11 del mat\u00ed d\u2019avui, els integrants del\u00a0<a href=\"mailto:http:\/\/petaca.cat\/\">Petit Taller de Can\u00e7ons<\/a> autors de la can\u00e7\u00f3 No Ens Desdibuixeu, interpretaran en directe una versi\u00f3 ac\u00fastica des del\u00a0<a href=\"mailto:http:\/\/www.paucasals.org\/\">Museu Vil.la Casals del Vendrell<\/a>.\u00a0 Tots els Canals de TV de la XARXA durant la retransmissi\u00f3 del programa\u00a0 \u201cBentrobats\u201d, hi connectaran en directe.<\/p>\n<p>Podeu trobar tota la informaci\u00f3 de la iniciativa en aquest enlla\u00e7: <a href=\"https:\/\/projectes.xtec.cat\/encara-hi-som-a-temps\/encara-hi-som-a-temps\/\">https:\/\/projectes.xtec.cat\/encara-hi-som-a-temps\/encara-hi-som-a-temps\/<\/a><\/p>\n<p>Us animem a participar-hi!<\/p>\n<p>Aprofitem l\u2019ocasi\u00f3 tamb\u00e9 per pensar quines petites accions podem fer nosaltres per cuidar el medi ambient. \u00a0Recordeu el proverbi afric\u00e0 que diu:<\/p>\n<p><strong>&#8220;Molta gent petita, en llocs petits, fent petites coses, pot canviar el m\u00f3n&#8221;. <\/strong><\/p>\n<p>&nbsp;<\/p>\n","protected":false},"excerpt":{"rendered":"<p>Avui, dia 5 de juny, \u00e9s el dia mundial del medi ambient. Per celebrar-ho, volem unir-nos a la iniciativa DONA [&hellip;]<\/p>\n","protected":false},"author":18,"featured_media":2877,"comment_status":"open","ping_status":"closed","sticky":false,"template":"","format":"standard","meta":{"_bbp_topic_count":0,"_bbp_reply_count":0,"_bbp_total_topic_count":0,"_bbp_total_reply_count":0,"_bbp_voice_count":0,"_bbp_anonymous_reply_count":0,"_bbp_topic_count_hidden":0,"_bbp_reply_count_hidden":0,"_bbp_forum_subforum_count":0,"site-sidebar-layout":"default","site-content-layout":"","ast-site-content-layout":"","site-content-style":"default","site-sidebar-style":"default","ast-global-header-display":"","ast-banner-title-visibility":"","ast-main-header-display":"","ast-hfb-above-header-display":"","ast-hfb-below-header-display":"","ast-hfb-mobile-header-display":"","site-post-title":"","ast-breadcrumbs-content":"","ast-featured-img":"","footer-sml-layout":"","theme-transparent-header-meta":"","adv-header-id-meta":"","stick-header-meta":"","header-above-stick-meta":"","header-main-stick-meta":"","header-below-stick-meta":"","astra-migrate-meta-layouts":"default","ast-page-background-enabled":"default","ast-page-background-meta":{"desktop":{"background-color":"var(--ast-global-color-4)","background-image":"","background-repeat":"repeat","background-position":"center center","background-size":"auto","background-attachment":"scroll","background-type":"","background-media":"","overlay-type":"","overlay-color":"","overlay-opacity":"","overlay-gradient":""},"tablet":{"background-color":"","background-image":"","background-repeat":"repeat","background-position":"center center","background-size":"auto","background-attachment":"scroll","background-type":"","background-media":"","overlay-type":"","overlay-color":"","overlay-opacity":"","overlay-gradient":""},"mobile":{"background-color":"","background-image":"","background-repeat":"repeat","background-position":"center center","background-size":"auto","background-attachment":"scroll","background-type":"","background-media":"","overlay-type":"","overlay-color":"","overlay-opacity":"","overlay-gradient":""}},"ast-content-background-meta":{"desktop":{"background-color":"var(--ast-global-color-5)","background-image":"","background-repeat":"repeat","background-position":"center center","background-size":"auto","background-attachment":"scroll","background-type":"","background-media":"","overlay-type":"","overlay-color":"","overlay-opacity":"","overlay-gradient":""},"tablet":{"background-color":"var(--ast-global-color-5)","background-image":"","background-repeat":"repeat","background-position":"center center","background-size":"auto","background-attachment":"scroll","background-type":"","background-media":"","overlay-type":"","overlay-color":"","overlay-opacity":"","overlay-gradient":""},"mobile":{"background-color":"var(--ast-global-color-5)","background-image":"","background-repeat":"repeat","background-position":"center center","background-size":"auto","background-attachment":"scroll","background-type":"","background-media":"","overlay-type":"","overlay-color":"","overlay-opacity":"","overlay-gradient":""}},"footnotes":""},"categories":[1,2,4,5],"tags":[],"class_list":["post-2878","post","type-post","status-publish","format-standard","has-post-thumbnail","hentry","category-general","category-infantil","category-portada","category-primaria"],"post_mailing_queue_ids":[],"_links":{"self":[{"href":"https:\/\/agora.xtec.cat\/ceipsalvadorninot\/wp-json\/wp\/v2\/posts\/2878","targetHints":{"allow":["GET"]}}],"collection":[{"href":"https:\/\/agora.xtec.cat\/ceipsalvadorninot\/wp-json\/wp\/v2\/posts"}],"about":[{"href":"https:\/\/agora.xtec.cat\/ceipsalvadorninot\/wp-json\/wp\/v2\/types\/post"}],"author":[{"embeddable":true,"href":"https:\/\/agora.xtec.cat\/ceipsalvadorninot\/wp-json\/wp\/v2\/users\/18"}],"replies":[{"embeddable":true,"href":"https:\/\/agora.xtec.cat\/ceipsalvadorninot\/wp-json\/wp\/v2\/comments?post=2878"}],"version-history":[{"count":2,"href":"https:\/\/agora.xtec.cat\/ceipsalvadorninot\/wp-json\/wp\/v2\/posts\/2878\/revisions"}],"predecessor-version":[{"id":2880,"href":"https:\/\/agora.xtec.cat\/ceipsalvadorninot\/wp-json\/wp\/v2\/posts\/2878\/revisions\/2880"}],"wp:featuredmedia":[{"embeddable":true,"href":"https:\/\/agora.xtec.cat\/ceipsalvadorninot\/wp-json\/wp\/v2\/media\/2877"}],"wp:attachment":[{"href":"https:\/\/agora.xtec.cat\/ceipsalvadorninot\/wp-json\/wp\/v2\/media?parent=2878"}],"wp:term":[{"taxonomy":"category","embeddable":true,"href":"https:\/\/agora.xtec.cat\/ceipsalvadorninot\/wp-json\/wp\/v2\/categories?post=2878"},{"taxonomy":"post_tag","embeddable":true,"href":"https:\/\/agora.xtec.cat\/ceipsalvadorninot\/wp-json\/wp\/v2\/tags?post=2878"}],"curies":[{"name":"wp","href":"https:\/\/api.w.org\/{rel}","templated":true}]}}