{"id":2725,"date":"2020-04-20T16:30:26","date_gmt":"2020-04-20T14:30:26","guid":{"rendered":"http:\/\/agora.xtec.cat\/ceipsalvadorninot\/?p=2725"},"modified":"2024-12-10T11:53:19","modified_gmt":"2024-12-10T10:53:19","slug":"per-un-sant-jordi-especial-des-de-casa","status":"publish","type":"post","link":"https:\/\/agora.xtec.cat\/ceipsalvadorninot\/general\/per-un-sant-jordi-especial-des-de-casa\/","title":{"rendered":"Per un Sant Jordi especial des de casa!"},"content":{"rendered":"<p>Benvolgudes fam\u00edlies, educadors i educadores,<\/p>\n<p>Aquest dijous 23 d\u2019abril \u00e9s Sant Jordi i per aix\u00f2 volem compartir algunes propostes perqu\u00e8 pugueu fer des de casa.<\/p>\n<p style=\"font-weight: 400;\"><strong>MANUALITATS I DIBUIXOS:<\/strong><\/p>\n<ul>\n<li style=\"font-weight: 400;\">Omplim de roses els nostres balcons i finestres.<\/li>\n<\/ul>\n<p><a href=\"https:\/\/agora.xtec.cat\/ceipsalvadorninot\/wp-content\/uploads\/usu1097\/2020\/04\/WhatsApp-Image-2020-04-16-at-20.51.24-2.jpeg\"><img loading=\"lazy\" decoding=\"async\" class=\"alignnone size-medium wp-image-2727\" src=\"https:\/\/agora.xtec.cat\/ceipsalvadorninot\/wp-content\/uploads\/usu1097\/2020\/04\/WhatsApp-Image-2020-04-16-at-20.51.24-2-212x300.jpeg\" alt=\"\" width=\"212\" height=\"300\" srcset=\"https:\/\/agora.xtec.cat\/ceipsalvadorninot\/wp-content\/uploads\/usu1097\/2020\/04\/WhatsApp-Image-2020-04-16-at-20.51.24-2-212x300.jpeg 212w, https:\/\/agora.xtec.cat\/ceipsalvadorninot\/wp-content\/uploads\/usu1097\/2020\/04\/WhatsApp-Image-2020-04-16-at-20.51.24-2-768x1086.jpeg 768w, https:\/\/agora.xtec.cat\/ceipsalvadorninot\/wp-content\/uploads\/usu1097\/2020\/04\/WhatsApp-Image-2020-04-16-at-20.51.24-2-724x1024.jpeg 724w, https:\/\/agora.xtec.cat\/ceipsalvadorninot\/wp-content\/uploads\/usu1097\/2020\/04\/WhatsApp-Image-2020-04-16-at-20.51.24-2.jpeg 1240w\" sizes=\"auto, (max-width: 212px) 100vw, 212px\" \/><\/a><\/p>\n<ul>\n<li style=\"font-weight: 400;\">Concurs de dibuix de la Setmana Medieval de Montblanc.<\/li>\n<\/ul>\n<p><a href=\"https:\/\/agora.xtec.cat\/ceipsalvadorninot\/wp-content\/uploads\/usu1097\/2020\/04\/WhatsApp-Image-2020-04-08-at-12.29.02-1.jpeg\"><img loading=\"lazy\" decoding=\"async\" class=\"alignnone size-medium wp-image-2726\" src=\"https:\/\/agora.xtec.cat\/ceipsalvadorninot\/wp-content\/uploads\/usu1097\/2020\/04\/WhatsApp-Image-2020-04-08-at-12.29.02-1-300x300.jpeg\" alt=\"\" width=\"300\" height=\"300\" srcset=\"https:\/\/agora.xtec.cat\/ceipsalvadorninot\/wp-content\/uploads\/usu1097\/2020\/04\/WhatsApp-Image-2020-04-08-at-12.29.02-1-300x300.jpeg 300w, https:\/\/agora.xtec.cat\/ceipsalvadorninot\/wp-content\/uploads\/usu1097\/2020\/04\/WhatsApp-Image-2020-04-08-at-12.29.02-1-150x150.jpeg 150w, https:\/\/agora.xtec.cat\/ceipsalvadorninot\/wp-content\/uploads\/usu1097\/2020\/04\/WhatsApp-Image-2020-04-08-at-12.29.02-1-768x768.jpeg 768w, https:\/\/agora.xtec.cat\/ceipsalvadorninot\/wp-content\/uploads\/usu1097\/2020\/04\/WhatsApp-Image-2020-04-08-at-12.29.02-1-1024x1024.jpeg 1024w, https:\/\/agora.xtec.cat\/ceipsalvadorninot\/wp-content\/uploads\/usu1097\/2020\/04\/WhatsApp-Image-2020-04-08-at-12.29.02-1.jpeg 1080w\" sizes=\"auto, (max-width: 300px) 100vw, 300px\" \/><\/a><\/p>\n<ul>\n<li style=\"font-weight: 400;\"><a href=\"https:\/\/mailchi.mp\/a92b8b638e28\/un-conte-de-sant-jordi-ben-especial?e=f4e30c67a8\">Representar el conte: &#8220;La princesa, el doctor Jordi i el punyetavirus&#8221;<\/a><\/li>\n<li><a href=\"https:\/\/eltaulerdelamuntsadotcom.wordpress.com\/%E2%99%A5-especial-sant-jordi-2016-%E2%99%A5\/mandales-de-sant-jordi-dina4-02\/\">Pintar una mandala de Sant Jordi<\/a><\/li>\n<\/ul>\n<p style=\"font-weight: 400;\"><strong>CANTAR I BALLAR:\u00a0<\/strong><\/p>\n<ul>\n<li style=\"font-weight: 400;\"><a href=\"https:\/\/www.youtube.com\/watch?v=-4wkoJ_ekBE\">Can\u00e7\u00f3 de Sant Jordi de la Damaris Gelabert<\/a><\/li>\n<li><a href=\"https:\/\/www.youtube.com\/watch?v=WXM3Nw_tJ1E\">\u00a0Ambauka, La llegenda de Sant Jordi (can\u00e7\u00f3 i videoclip)<\/a><\/li>\n<li style=\"font-weight: 400;\"><a href=\"https:\/\/www.youtube.com\/watch?v=BycAIS777LE&amp;feature=youtu.be\">Cantata de la Llegenda de la Princesa i Sant Jordi 2019<\/a><\/li>\n<li style=\"font-weight: 400;\"><a href=\"https:\/\/www.youtube.com\/watch?v=___3Vi2xA6Q\">Sant Jordi, vine aviat! (El Pot Petit)<\/a><\/li>\n<\/ul>\n<p style=\"font-weight: 400;\"><strong>POEMES i PASSATEMPS:<\/strong><\/p>\n<ul>\n<li style=\"font-weight: 400;\"><a href=\"https:\/\/maresipares.cat\/poemes-de-sant-jordi\/\">12 poemes de Sant Jordi<\/a><\/li>\n<li style=\"font-weight: 400;\"><a href=\"https:\/\/agora.xtec.cat\/ceipsalvadorninot\/wp-content\/uploads\/usu1097\/2020\/04\/eltricicle_santjordi_A4_2020-04-20_1587303164-2.pdf\">Lectura, poesia, dibuix, reportatge, entrevista a Joan Turu i passatemps (sopa lletres, difer\u00e8ncies, sudoku, endevinalles&#8230;). <\/a><\/li>\n<\/ul>\n<p style=\"font-weight: 400;\"><strong>LA LLEGENDA DE SANT JORDI i CONTES:<\/strong><\/p>\n<ul>\n<li style=\"font-weight: 400;\"><a href=\"https:\/\/www.youtube.com\/watch?v=7u13ih7szF4&amp;t=\">Llegenda de Sant Jordi confinat<\/a><\/li>\n<li><a href=\"https:\/\/www.youtube.com\/watch?v=ztLC2akPeC0\">La llegenda de Sant Jordi 3.0. Escola Salvador Ninot<\/a><\/li>\n<li style=\"font-weight: 400;\"><a href=\"https:\/\/www.youtube.com\/watch?v=QIWjoyumd_o\">Sant Jordi a la cova del Drac<\/a><\/li>\n<li><a href=\"https:\/\/www.youtube.com\/watch?v=IAJ8-pxoBAU\">Les tres bessones, Sant Jordi i el Drac<\/a><\/li>\n<li style=\"font-weight: 400;\"><a href=\"https:\/\/www.youtube.com\/watch?v=DBamjcQTzgE\">La llegenda de Sant Jordi 2019 (Montblanc)<\/a><\/li>\n<li><a href=\"https:\/\/www.youtube.com\/watch?v=alOao4XYN3k\">La llegenda de Santa Jordina<\/a><\/li>\n<li><a href=\"http:\/\/www.edu365.cat\/primaria\/catala\/historic\/contes_spc\/jordi\/index.htm\">La llegenda de Sant Jordi a edu365\u00a0<\/a><\/li>\n<\/ul>\n<p>Esperem que les gaudiu!\u00a0\u00a0Bona diada!<\/p>\n","protected":false},"excerpt":{"rendered":"<p>Benvolgudes fam\u00edlies, educadors i educadores, Aquest dijous 23 d\u2019abril \u00e9s Sant Jordi i per aix\u00f2 volem compartir algunes propostes perqu\u00e8 [&hellip;]<\/p>\n","protected":false},"author":14,"featured_media":2738,"comment_status":"open","ping_status":"closed","sticky":false,"template":"","format":"standard","meta":{"_bbp_topic_count":0,"_bbp_reply_count":0,"_bbp_total_topic_count":0,"_bbp_total_reply_count":0,"_bbp_voice_count":0,"_bbp_anonymous_reply_count":0,"_bbp_topic_count_hidden":0,"_bbp_reply_count_hidden":0,"_bbp_forum_subforum_count":0,"site-sidebar-layout":"default","site-content-layout":"","ast-site-content-layout":"","site-content-style":"default","site-sidebar-style":"default","ast-global-header-display":"","ast-banner-title-visibility":"","ast-main-header-display":"","ast-hfb-above-header-display":"","ast-hfb-below-header-display":"","ast-hfb-mobile-header-display":"","site-post-title":"","ast-breadcrumbs-content":"","ast-featured-img":"","footer-sml-layout":"","theme-transparent-header-meta":"","adv-header-id-meta":"","stick-header-meta":"","header-above-stick-meta":"","header-main-stick-meta":"","header-below-stick-meta":"","astra-migrate-meta-layouts":"default","ast-page-background-enabled":"default","ast-page-background-meta":{"desktop":{"background-color":"var(--ast-global-color-4)","background-image":"","background-repeat":"repeat","background-position":"center center","background-size":"auto","background-attachment":"scroll","background-type":"","background-media":"","overlay-type":"","overlay-color":"","overlay-opacity":"","overlay-gradient":""},"tablet":{"background-color":"","background-image":"","background-repeat":"repeat","background-position":"center center","background-size":"auto","background-attachment":"scroll","background-type":"","background-media":"","overlay-type":"","overlay-color":"","overlay-opacity":"","overlay-gradient":""},"mobile":{"background-color":"","background-image":"","background-repeat":"repeat","background-position":"center center","background-size":"auto","background-attachment":"scroll","background-type":"","background-media":"","overlay-type":"","overlay-color":"","overlay-opacity":"","overlay-gradient":""}},"ast-content-background-meta":{"desktop":{"background-color":"var(--ast-global-color-5)","background-image":"","background-repeat":"repeat","background-position":"center center","background-size":"auto","background-attachment":"scroll","background-type":"","background-media":"","overlay-type":"","overlay-color":"","overlay-opacity":"","overlay-gradient":""},"tablet":{"background-color":"var(--ast-global-color-5)","background-image":"","background-repeat":"repeat","background-position":"center center","background-size":"auto","background-attachment":"scroll","background-type":"","background-media":"","overlay-type":"","overlay-color":"","overlay-opacity":"","overlay-gradient":""},"mobile":{"background-color":"var(--ast-global-color-5)","background-image":"","background-repeat":"repeat","background-position":"center center","background-size":"auto","background-attachment":"scroll","background-type":"","background-media":"","overlay-type":"","overlay-color":"","overlay-opacity":"","overlay-gradient":""}},"footnotes":""},"categories":[64,1,2,4,5],"tags":[],"class_list":["post-2725","post","type-post","status-publish","format-standard","has-post-thumbnail","hentry","category-biblioninot","category-general","category-infantil","category-portada","category-primaria"],"post_mailing_queue_ids":[],"_links":{"self":[{"href":"https:\/\/agora.xtec.cat\/ceipsalvadorninot\/wp-json\/wp\/v2\/posts\/2725","targetHints":{"allow":["GET"]}}],"collection":[{"href":"https:\/\/agora.xtec.cat\/ceipsalvadorninot\/wp-json\/wp\/v2\/posts"}],"about":[{"href":"https:\/\/agora.xtec.cat\/ceipsalvadorninot\/wp-json\/wp\/v2\/types\/post"}],"author":[{"embeddable":true,"href":"https:\/\/agora.xtec.cat\/ceipsalvadorninot\/wp-json\/wp\/v2\/users\/14"}],"replies":[{"embeddable":true,"href":"https:\/\/agora.xtec.cat\/ceipsalvadorninot\/wp-json\/wp\/v2\/comments?post=2725"}],"version-history":[{"count":3,"href":"https:\/\/agora.xtec.cat\/ceipsalvadorninot\/wp-json\/wp\/v2\/posts\/2725\/revisions"}],"predecessor-version":[{"id":2739,"href":"https:\/\/agora.xtec.cat\/ceipsalvadorninot\/wp-json\/wp\/v2\/posts\/2725\/revisions\/2739"}],"wp:featuredmedia":[{"embeddable":true,"href":"https:\/\/agora.xtec.cat\/ceipsalvadorninot\/wp-json\/wp\/v2\/media\/2738"}],"wp:attachment":[{"href":"https:\/\/agora.xtec.cat\/ceipsalvadorninot\/wp-json\/wp\/v2\/media?parent=2725"}],"wp:term":[{"taxonomy":"category","embeddable":true,"href":"https:\/\/agora.xtec.cat\/ceipsalvadorninot\/wp-json\/wp\/v2\/categories?post=2725"},{"taxonomy":"post_tag","embeddable":true,"href":"https:\/\/agora.xtec.cat\/ceipsalvadorninot\/wp-json\/wp\/v2\/tags?post=2725"}],"curies":[{"name":"wp","href":"https:\/\/api.w.org\/{rel}","templated":true}]}}