{"id":2623,"date":"2020-03-24T17:36:53","date_gmt":"2020-03-24T16:36:53","guid":{"rendered":"http:\/\/agora.xtec.cat\/ceipsalvadorninot\/?p=2623"},"modified":"2020-03-24T19:20:52","modified_gmt":"2020-03-24T18:20:52","slug":"joemquedoacasa","status":"publish","type":"post","link":"https:\/\/agora.xtec.cat\/ceipsalvadorninot\/general\/joemquedoacasa\/","title":{"rendered":"#joemquedoacasa"},"content":{"rendered":"<p>Benvolgudes fam\u00edlies, educadores i educadors,<\/p>\n<p>En aquesta entrada al bloc, us fem arribar un ampli ventall de propostes did\u00e0ctiques amb la finalitat de poder dur a terme, des de les vostres llars, totes aquelles activitats que preferiu.<\/p>\n<p><span style=\"text-decoration: underline;\"><strong>P\u00e0gines web<\/strong><\/span><\/p>\n<ul style=\"list-style-type: disc;\">\n<li><a href=\"http:\/\/www.edu365.cat\/\">edu365<\/a><\/li>\n<li><a href=\"https:\/\/www.copc.cat\/adjuntos\/adjunto_15216\/v\/La%20Rosa%20contra%20el%20virus%20-%20CATAL%C3%80.pdf\">La Rosa contra el virus (conte adre\u00e7at a infants de 4 a 10 anys. Inclou orientacions per a les fam\u00edlies)<\/a><\/li>\n<li><a href=\"https:\/\/cassa.cat\/coronavirus\/conte.mp4\">Conte narrat sobre el coronavirus i el confinament<\/a><\/li>\n<li><a href=\"https:\/\/coloniesdestiu.rosadelsvents.es\/colonies-daventura\/colonies-a-casa\/\">Col\u00f2nies a casa amb Rosa dels Vents<\/a><\/li>\n<li><a href=\"https:\/\/natibergada.cat\/recursos-educatius-per-aprendre-des-de-casa\">80 recursos educatius per aprendre des de casa<\/a><\/li>\n<li><a href=\"https:\/\/fundesplai.org\/ca\/recursos\/noticies\/1935-21-idees-creatives-i-educatives-per-fer-amb-infants-a-casa\">21 idees creatives (i educatives) per fer amb els nens i nenes a casa<\/a><\/li>\n<li><a href=\"http:\/\/www.jverdaguer.org\/jsmedia\/005eficas\/index.html\">Lectura efica\u00e7<\/a><\/li>\n<li><a href=\"https:\/\/clic.xtec.cat\/repo\/index.html?lang=ca\">JClic<\/a><\/li>\n<li><a href=\"http:\/\/www.cristic.com\/?lang=ca\">Jocs educatius online per a infantil i cicle inicial<\/a><\/li>\n<li><a href=\"https:\/\/www.elbuhoboo.com\/index_cat.php\">El Buho Boo<\/a><\/li>\n<li><a href=\"https:\/\/www.symbaloo.com\/mix\/recursosparainfantil3\">Recursos per a infantil<\/a><\/li>\n<li><a href=\"http:\/\/chiquitajos.blogspot.com\/\">Juegos de atenci\u00f3n temprana<\/a><\/li>\n<li><a href=\"https:\/\/www.socpetit.cat\/\">S\u00f3c petit<\/a><\/li>\n<li><a href=\"http:\/\/www.ceip-diputacio.com\/la%20motxilla.htm\">La motxilla<\/a><\/li>\n<li><a href=\"https:\/\/learnenglishkids.britishcouncil.org\/\">Learn English<\/a><\/li>\n<li><a href=\"https:\/\/aprendomusica.com\/aprendreMusica.htm\">Aprendre m\u00fasica<\/a><\/li>\n<li><a href=\"https:\/\/musiclab.chromeexperiments.com\/Experiments\">Chrome Music Lab<\/a><\/li>\n<li><a href=\"https:\/\/natibergada.cat\/curts-per-treballar-valors\">50 curts per a treballar valors<\/a><\/li>\n<li><a href=\"https:\/\/es.ixl.com\/math\/\">Treballar les matem\u00e0tiques<\/a><\/li>\n<li><a href=\"http:\/\/vallmollef.blogspot.com\">Activitats f\u00edsiques a casa<\/a><\/li>\n<\/ul>\n<p><span style=\"text-decoration: underline;\"><strong>Programes de r\u00e0dio<\/strong><\/span><\/p>\n<ul style=\"list-style-type: disc;\">\n<li><a href=\"https:\/\/www.ccma.cat\/catradio\/popap\/\">Popap escolar (Programa amb edici\u00f3 especial escolar cada tarda)<\/a><\/li>\n<li><a href=\"https:\/\/www.ccma.cat\/catradio\/icat\/\">Educar a casa (Propostes per no deixar d&#8217;estar connectats a l&#8217;escola)<\/a><\/li>\n<\/ul>\n<p><span style=\"text-decoration: underline;\"><strong>Programes de televisi\u00f3 (tamb\u00e9 a trav\u00e9s del web)<\/strong><\/span><\/p>\n<ul>\n<li><a href=\"https:\/\/www.ccma.cat\/tv3\/super3\/superpropostes-destar-per-casa\/fem-manualitats\/coleccio\/15210\/6034951\/\">Fem manualitats amb la Lyona<\/a><\/li>\n<li><a href=\"https:\/\/www.ccma.cat\/tv3\/super3\/infok\/\">InfoK<\/a><\/li>\n<li><a href=\"https:\/\/www.ccma.cat\/tv3\/super3\/avui-aprenem\/fitxa-programa\/60456\/\">Avui aprenem (Ci\u00e8ncia, hist\u00f2ria i natura)<\/a><\/li>\n<li><a href=\"https:\/\/www.rtve.es\/educlan\/\">Educlan<\/a><\/li>\n<li><a href=\"https:\/\/www.ccma.cat\/tv3\/super3\/kukurota\/\">Kukurota (Sobre animals)<\/a><\/li>\n<\/ul>\n<p><b><u>Revistes<\/u><\/b><\/p>\n<ul>\n<li><a href=\"https:\/\/cavallfort.cat\/\">Cavall fort<\/a><\/li>\n<\/ul>\n<p><b><u>Editorials<\/u><\/b><\/p>\n<ul>\n<li><a href=\"https:\/\/web.editorialteide.com\/ca\/cafe-mates\/\">Caf\u00e8 matem\u00e0tic amb Llu\u00eds Segarra<\/a><\/li>\n<\/ul>\n<p><span style=\"text-decoration: underline;\"><strong>Altres recursos en l\u00ednia<\/strong><\/span><\/p>\n<ul>\n<li><a href=\"https:\/\/innovamat.com\/blog\/ca\/?utm_source=familiasnoclients&amp;utm_medium=pdf&amp;utm_content=cat&amp;utm_campaign=kickoff-blog\">confiMATHS (Matem\u00e0tiques significatives i competencials)<\/a><\/li>\n<\/ul>\n<p><span style=\"text-decoration: underline;\"><strong>Recursos per a l&#8217;educaci\u00f3 especial<\/strong><\/span><\/p>\n<ul>\n<li><a href=\"https:\/\/blocs.xtec.cat\/recursosee\/lectura-eficac\/\">Lectura efica\u00e7<\/a><\/li>\n<li><a href=\"http:\/\/www.edu365.cat\/primaria\/catala\/ortografia\/index.html\">Aventura&#8217;t amb l&#8217;ortografia<\/a><\/li>\n<li><a href=\"https:\/\/www.changedyslexia.org\/\">Millorar les habilitats de lectoescriptura<\/a><\/li>\n<li><a href=\"https:\/\/www.doctormanzana.com\/blog\/combate-la-dislexia-con-piruletras-app\">Combatre la disl\u00e8xia amb &#8220;Piruletras APP&#8221;<\/a><\/li>\n<li><a href=\"http:\/\/aprencmolt.blogspot.com\/\">Aprenc molt<\/a><\/li>\n<li><a href=\"http:\/\/www.edu365.cat\/primaria\/catala\/entrena\/cos.html\">Entrena&#8217;t a llegir<\/a><\/li>\n<li><a href=\"https:\/\/sites.google.com\/a\/xtec.cat\/rdzereral\/\">Recursos digitals per ensenyar, aprendre i treballar<\/a><\/li>\n<li><a href=\"http:\/\/activitatsinteractives.blogspot.com\/\">Activitats per educaci\u00f3 especial, infantil i prim\u00e0ria<\/a><\/li>\n<\/ul>\n<p>TOT ANIR\u00c0 B\u00c9<\/p>\n<p><strong>#joemquedoacasa<\/strong><\/p>\n","protected":false},"excerpt":{"rendered":"<p>Benvolgudes fam\u00edlies, educadores i educadors, En aquesta entrada al bloc, us fem arribar un ampli ventall de propostes did\u00e0ctiques amb [&hellip;]<\/p>\n","protected":false},"author":1,"featured_media":2626,"comment_status":"open","ping_status":"closed","sticky":false,"template":"","format":"standard","meta":{"_bbp_topic_count":0,"_bbp_reply_count":0,"_bbp_total_topic_count":0,"_bbp_total_reply_count":0,"_bbp_voice_count":0,"_bbp_anonymous_reply_count":0,"_bbp_topic_count_hidden":0,"_bbp_reply_count_hidden":0,"_bbp_forum_subforum_count":0,"site-sidebar-layout":"default","site-content-layout":"","ast-site-content-layout":"","site-content-style":"default","site-sidebar-style":"default","ast-global-header-display":"","ast-banner-title-visibility":"","ast-main-header-display":"","ast-hfb-above-header-display":"","ast-hfb-below-header-display":"","ast-hfb-mobile-header-display":"","site-post-title":"","ast-breadcrumbs-content":"","ast-featured-img":"","footer-sml-layout":"","theme-transparent-header-meta":"","adv-header-id-meta":"","stick-header-meta":"","header-above-stick-meta":"","header-main-stick-meta":"","header-below-stick-meta":"","astra-migrate-meta-layouts":"default","ast-page-background-enabled":"default","ast-page-background-meta":{"desktop":{"background-color":"var(--ast-global-color-4)","background-image":"","background-repeat":"repeat","background-position":"center center","background-size":"auto","background-attachment":"scroll","background-type":"","background-media":"","overlay-type":"","overlay-color":"","overlay-opacity":"","overlay-gradient":""},"tablet":{"background-color":"","background-image":"","background-repeat":"repeat","background-position":"center center","background-size":"auto","background-attachment":"scroll","background-type":"","background-media":"","overlay-type":"","overlay-color":"","overlay-opacity":"","overlay-gradient":""},"mobile":{"background-color":"","background-image":"","background-repeat":"repeat","background-position":"center center","background-size":"auto","background-attachment":"scroll","background-type":"","background-media":"","overlay-type":"","overlay-color":"","overlay-opacity":"","overlay-gradient":""}},"ast-content-background-meta":{"desktop":{"background-color":"var(--ast-global-color-5)","background-image":"","background-repeat":"repeat","background-position":"center center","background-size":"auto","background-attachment":"scroll","background-type":"","background-media":"","overlay-type":"","overlay-color":"","overlay-opacity":"","overlay-gradient":""},"tablet":{"background-color":"var(--ast-global-color-5)","background-image":"","background-repeat":"repeat","background-position":"center center","background-size":"auto","background-attachment":"scroll","background-type":"","background-media":"","overlay-type":"","overlay-color":"","overlay-opacity":"","overlay-gradient":""},"mobile":{"background-color":"var(--ast-global-color-5)","background-image":"","background-repeat":"repeat","background-position":"center center","background-size":"auto","background-attachment":"scroll","background-type":"","background-media":"","overlay-type":"","overlay-color":"","overlay-opacity":"","overlay-gradient":""}},"footnotes":""},"categories":[1,2,4,5],"tags":[],"class_list":["post-2623","post","type-post","status-publish","format-standard","has-post-thumbnail","hentry","category-general","category-infantil","category-portada","category-primaria"],"post_mailing_queue_ids":[],"_links":{"self":[{"href":"https:\/\/agora.xtec.cat\/ceipsalvadorninot\/wp-json\/wp\/v2\/posts\/2623","targetHints":{"allow":["GET"]}}],"collection":[{"href":"https:\/\/agora.xtec.cat\/ceipsalvadorninot\/wp-json\/wp\/v2\/posts"}],"about":[{"href":"https:\/\/agora.xtec.cat\/ceipsalvadorninot\/wp-json\/wp\/v2\/types\/post"}],"author":[{"embeddable":true,"href":"https:\/\/agora.xtec.cat\/ceipsalvadorninot\/wp-json\/wp\/v2\/users\/1"}],"replies":[{"embeddable":true,"href":"https:\/\/agora.xtec.cat\/ceipsalvadorninot\/wp-json\/wp\/v2\/comments?post=2623"}],"version-history":[{"count":3,"href":"https:\/\/agora.xtec.cat\/ceipsalvadorninot\/wp-json\/wp\/v2\/posts\/2623\/revisions"}],"predecessor-version":[{"id":2633,"href":"https:\/\/agora.xtec.cat\/ceipsalvadorninot\/wp-json\/wp\/v2\/posts\/2623\/revisions\/2633"}],"wp:featuredmedia":[{"embeddable":true,"href":"https:\/\/agora.xtec.cat\/ceipsalvadorninot\/wp-json\/wp\/v2\/media\/2626"}],"wp:attachment":[{"href":"https:\/\/agora.xtec.cat\/ceipsalvadorninot\/wp-json\/wp\/v2\/media?parent=2623"}],"wp:term":[{"taxonomy":"category","embeddable":true,"href":"https:\/\/agora.xtec.cat\/ceipsalvadorninot\/wp-json\/wp\/v2\/categories?post=2623"},{"taxonomy":"post_tag","embeddable":true,"href":"https:\/\/agora.xtec.cat\/ceipsalvadorninot\/wp-json\/wp\/v2\/tags?post=2623"}],"curies":[{"name":"wp","href":"https:\/\/api.w.org\/{rel}","templated":true}]}}