{"id":2081,"date":"2020-02-11T22:04:34","date_gmt":"2020-02-11T21:04:34","guid":{"rendered":"http:\/\/agora.xtec.cat\/ceipsalvadorninot\/?p=2081"},"modified":"2020-02-11T22:05:33","modified_gmt":"2020-02-11T21:05:33","slug":"commemoracio-60e-aniversari-escola","status":"publish","type":"post","link":"https:\/\/agora.xtec.cat\/ceipsalvadorninot\/general\/commemoracio-60e-aniversari-escola\/","title":{"rendered":"Commemoraci\u00f3 60\u00e8 aniversari de l&#8217;escola"},"content":{"rendered":"<p>El passat dia 30 de gener de 2020 l\u2019escola Salvador Ninot va celebrar els seus 60 anys. Durant aquesta jornada l\u2019alumnat va fer diferents tallers entre els quals els nens i les nenes van formar un 60 gegant al pati. Entre els tallers realitzats tamb\u00e9 hi havia activitats de la pau degut a la coincid\u00e8ncia amb aquest dia.<span class=\"Apple-converted-space\">\u00a0<\/span><\/p>\n<p>Les guies tur\u00edstiques de Sarral van oferir als nens i les nenes una visita per les antigues escoles de Sarral i van tenir l\u2019oportunitat de con\u00e8ixer una mica m\u00e9s la hist\u00f2ria del poble.<span class=\"Apple-converted-space\">\u00a0<\/span><\/p>\n<p>L\u2019escola va organitzar un concurs de dibuix per escollir un nou logotip per a l\u2019escola. La guanyadora va ser la Maria Esteller Vargas, alumna de sis\u00e8.<span class=\"Apple-converted-space\">\u00a0<\/span><\/p>\n<p>Per continuar la celebraci\u00f3, el dissabte dia 8 de febrer l\u2019escola es va vestir de gala, convidant a diferents autoritats.<span class=\"Apple-converted-space\">\u00a0<\/span><\/p>\n<p>A les 12h del migdia ens vam trobar tots al pati de l\u2019escola i all\u00ed es van fer diferents parlaments: la directora de la nostra escola, M Dolors Domingo, el senyor alcalde, Santi Forn\u00e9s, la inspectora de la nostra zona, M Dolors Colilles i, finalment, el director dels SSTT d\u2019Educaci\u00f3 de Tarragona, Jean-Marc Segarra.<span class=\"Apple-converted-space\">\u00a0<\/span><\/p>\n<p>A les 12.30h vam podeu gaudir d&#8217;un bonic i divertit espectacle infantil amb la companyia\u00a0<i>Escalivada.<\/i><\/p>\n<p>Seguidament, tota la comunitat educativa va poder gaudir d\u2019un dinar al pavell\u00f3 municipal del poble que va acabar amb inflables per a tots els infants.<span class=\"Apple-converted-space\">\u00a0<\/span><\/p>\n<p><em>Alumnat de cicle superior<a href=\"https:\/\/agora.xtec.cat\/ceipsalvadorninot\/wp-content\/uploads\/usu1097\/2020\/02\/IMG-20200208-WA0049.jpg\"><img loading=\"lazy\" decoding=\"async\" class=\"alignnone size-full wp-image-2092\" src=\"https:\/\/agora.xtec.cat\/ceipsalvadorninot\/wp-content\/uploads\/usu1097\/2020\/02\/IMG-20200208-WA0049.jpg\" alt=\"\" width=\"1200\" height=\"1600\" srcset=\"https:\/\/agora.xtec.cat\/ceipsalvadorninot\/wp-content\/uploads\/usu1097\/2020\/02\/IMG-20200208-WA0049.jpg 1200w, https:\/\/agora.xtec.cat\/ceipsalvadorninot\/wp-content\/uploads\/usu1097\/2020\/02\/IMG-20200208-WA0049-225x300.jpg 225w, https:\/\/agora.xtec.cat\/ceipsalvadorninot\/wp-content\/uploads\/usu1097\/2020\/02\/IMG-20200208-WA0049-768x1024.jpg 768w\" sizes=\"auto, (max-width: 1200px) 100vw, 1200px\" \/><\/a><a href=\"https:\/\/agora.xtec.cat\/ceipsalvadorninot\/wp-content\/uploads\/usu1097\/2020\/02\/IMG-20200208-WA0063.jpg\"><img loading=\"lazy\" decoding=\"async\" class=\"alignnone size-full wp-image-2094\" src=\"https:\/\/agora.xtec.cat\/ceipsalvadorninot\/wp-content\/uploads\/usu1097\/2020\/02\/IMG-20200208-WA0063.jpg\" alt=\"\" width=\"1600\" height=\"1200\" srcset=\"https:\/\/agora.xtec.cat\/ceipsalvadorninot\/wp-content\/uploads\/usu1097\/2020\/02\/IMG-20200208-WA0063.jpg 1600w, https:\/\/agora.xtec.cat\/ceipsalvadorninot\/wp-content\/uploads\/usu1097\/2020\/02\/IMG-20200208-WA0063-300x225.jpg 300w, https:\/\/agora.xtec.cat\/ceipsalvadorninot\/wp-content\/uploads\/usu1097\/2020\/02\/IMG-20200208-WA0063-768x576.jpg 768w, https:\/\/agora.xtec.cat\/ceipsalvadorninot\/wp-content\/uploads\/usu1097\/2020\/02\/IMG-20200208-WA0063-1024x768.jpg 1024w, https:\/\/agora.xtec.cat\/ceipsalvadorninot\/wp-content\/uploads\/usu1097\/2020\/02\/IMG-20200208-WA0063-200x150.jpg 200w\" sizes=\"auto, (max-width: 1600px) 100vw, 1600px\" \/><\/a><a href=\"https:\/\/agora.xtec.cat\/ceipsalvadorninot\/wp-content\/uploads\/usu1097\/2020\/02\/IMG-20200208-WA0069.jpg\"><img loading=\"lazy\" decoding=\"async\" class=\"alignnone size-full wp-image-2087\" src=\"https:\/\/agora.xtec.cat\/ceipsalvadorninot\/wp-content\/uploads\/usu1097\/2020\/02\/IMG-20200208-WA0069.jpg\" alt=\"\" width=\"1599\" height=\"899\" srcset=\"https:\/\/agora.xtec.cat\/ceipsalvadorninot\/wp-content\/uploads\/usu1097\/2020\/02\/IMG-20200208-WA0069.jpg 1599w, https:\/\/agora.xtec.cat\/ceipsalvadorninot\/wp-content\/uploads\/usu1097\/2020\/02\/IMG-20200208-WA0069-300x169.jpg 300w, https:\/\/agora.xtec.cat\/ceipsalvadorninot\/wp-content\/uploads\/usu1097\/2020\/02\/IMG-20200208-WA0069-768x432.jpg 768w, https:\/\/agora.xtec.cat\/ceipsalvadorninot\/wp-content\/uploads\/usu1097\/2020\/02\/IMG-20200208-WA0069-1024x576.jpg 1024w\" sizes=\"auto, (max-width: 1599px) 100vw, 1599px\" \/><\/a><a href=\"https:\/\/agora.xtec.cat\/ceipsalvadorninot\/wp-content\/uploads\/usu1097\/2020\/02\/IMG-20200208-WA0057.jpg\"><img loading=\"lazy\" decoding=\"async\" class=\"alignnone size-full wp-image-2093\" src=\"https:\/\/agora.xtec.cat\/ceipsalvadorninot\/wp-content\/uploads\/usu1097\/2020\/02\/IMG-20200208-WA0057.jpg\" alt=\"\" width=\"1600\" height=\"1200\" srcset=\"https:\/\/agora.xtec.cat\/ceipsalvadorninot\/wp-content\/uploads\/usu1097\/2020\/02\/IMG-20200208-WA0057.jpg 1600w, https:\/\/agora.xtec.cat\/ceipsalvadorninot\/wp-content\/uploads\/usu1097\/2020\/02\/IMG-20200208-WA0057-300x225.jpg 300w, https:\/\/agora.xtec.cat\/ceipsalvadorninot\/wp-content\/uploads\/usu1097\/2020\/02\/IMG-20200208-WA0057-768x576.jpg 768w, https:\/\/agora.xtec.cat\/ceipsalvadorninot\/wp-content\/uploads\/usu1097\/2020\/02\/IMG-20200208-WA0057-1024x768.jpg 1024w, https:\/\/agora.xtec.cat\/ceipsalvadorninot\/wp-content\/uploads\/usu1097\/2020\/02\/IMG-20200208-WA0057-200x150.jpg 200w\" sizes=\"auto, (max-width: 1600px) 100vw, 1600px\" \/><\/a><a href=\"https:\/\/agora.xtec.cat\/ceipsalvadorninot\/wp-content\/uploads\/usu1097\/2020\/02\/IMG-20200208-WA0082.jpg\"><img loading=\"lazy\" decoding=\"async\" class=\"alignnone size-full wp-image-2088\" src=\"https:\/\/agora.xtec.cat\/ceipsalvadorninot\/wp-content\/uploads\/usu1097\/2020\/02\/IMG-20200208-WA0082.jpg\" alt=\"\" width=\"1600\" height=\"1200\" srcset=\"https:\/\/agora.xtec.cat\/ceipsalvadorninot\/wp-content\/uploads\/usu1097\/2020\/02\/IMG-20200208-WA0082.jpg 1600w, https:\/\/agora.xtec.cat\/ceipsalvadorninot\/wp-content\/uploads\/usu1097\/2020\/02\/IMG-20200208-WA0082-300x225.jpg 300w, https:\/\/agora.xtec.cat\/ceipsalvadorninot\/wp-content\/uploads\/usu1097\/2020\/02\/IMG-20200208-WA0082-768x576.jpg 768w, https:\/\/agora.xtec.cat\/ceipsalvadorninot\/wp-content\/uploads\/usu1097\/2020\/02\/IMG-20200208-WA0082-1024x768.jpg 1024w, https:\/\/agora.xtec.cat\/ceipsalvadorninot\/wp-content\/uploads\/usu1097\/2020\/02\/IMG-20200208-WA0082-200x150.jpg 200w\" sizes=\"auto, (max-width: 1600px) 100vw, 1600px\" \/><\/a><a href=\"https:\/\/agora.xtec.cat\/ceipsalvadorninot\/wp-content\/uploads\/usu1097\/2020\/02\/IMG-20200208-WA0030.jpg\"><img loading=\"lazy\" decoding=\"async\" class=\"alignnone size-full wp-image-2086\" src=\"https:\/\/agora.xtec.cat\/ceipsalvadorninot\/wp-content\/uploads\/usu1097\/2020\/02\/IMG-20200208-WA0030.jpg\" alt=\"\" width=\"1600\" height=\"1200\" srcset=\"https:\/\/agora.xtec.cat\/ceipsalvadorninot\/wp-content\/uploads\/usu1097\/2020\/02\/IMG-20200208-WA0030.jpg 1600w, https:\/\/agora.xtec.cat\/ceipsalvadorninot\/wp-content\/uploads\/usu1097\/2020\/02\/IMG-20200208-WA0030-300x225.jpg 300w, https:\/\/agora.xtec.cat\/ceipsalvadorninot\/wp-content\/uploads\/usu1097\/2020\/02\/IMG-20200208-WA0030-768x576.jpg 768w, https:\/\/agora.xtec.cat\/ceipsalvadorninot\/wp-content\/uploads\/usu1097\/2020\/02\/IMG-20200208-WA0030-1024x768.jpg 1024w, https:\/\/agora.xtec.cat\/ceipsalvadorninot\/wp-content\/uploads\/usu1097\/2020\/02\/IMG-20200208-WA0030-200x150.jpg 200w\" sizes=\"auto, (max-width: 1600px) 100vw, 1600px\" \/><\/a><\/em><\/p>\n","protected":false},"excerpt":{"rendered":"<p>El passat dia 30 de gener de 2020 l\u2019escola Salvador Ninot va celebrar els seus 60 anys. Durant aquesta jornada [&hellip;]<\/p>\n","protected":false},"author":1,"featured_media":2092,"comment_status":"open","ping_status":"closed","sticky":false,"template":"","format":"standard","meta":{"_bbp_topic_count":0,"_bbp_reply_count":0,"_bbp_total_topic_count":0,"_bbp_total_reply_count":0,"_bbp_voice_count":0,"_bbp_anonymous_reply_count":0,"_bbp_topic_count_hidden":0,"_bbp_reply_count_hidden":0,"_bbp_forum_subforum_count":0,"site-sidebar-layout":"default","site-content-layout":"","ast-site-content-layout":"","site-content-style":"default","site-sidebar-style":"default","ast-global-header-display":"","ast-banner-title-visibility":"","ast-main-header-display":"","ast-hfb-above-header-display":"","ast-hfb-below-header-display":"","ast-hfb-mobile-header-display":"","site-post-title":"","ast-breadcrumbs-content":"","ast-featured-img":"","footer-sml-layout":"","theme-transparent-header-meta":"","adv-header-id-meta":"","stick-header-meta":"","header-above-stick-meta":"","header-main-stick-meta":"","header-below-stick-meta":"","astra-migrate-meta-layouts":"default","ast-page-background-enabled":"default","ast-page-background-meta":{"desktop":{"background-color":"var(--ast-global-color-4)","background-image":"","background-repeat":"repeat","background-position":"center center","background-size":"auto","background-attachment":"scroll","background-type":"","background-media":"","overlay-type":"","overlay-color":"","overlay-opacity":"","overlay-gradient":""},"tablet":{"background-color":"","background-image":"","background-repeat":"repeat","background-position":"center center","background-size":"auto","background-attachment":"scroll","background-type":"","background-media":"","overlay-type":"","overlay-color":"","overlay-opacity":"","overlay-gradient":""},"mobile":{"background-color":"","background-image":"","background-repeat":"repeat","background-position":"center center","background-size":"auto","background-attachment":"scroll","background-type":"","background-media":"","overlay-type":"","overlay-color":"","overlay-opacity":"","overlay-gradient":""}},"ast-content-background-meta":{"desktop":{"background-color":"var(--ast-global-color-5)","background-image":"","background-repeat":"repeat","background-position":"center center","background-size":"auto","background-attachment":"scroll","background-type":"","background-media":"","overlay-type":"","overlay-color":"","overlay-opacity":"","overlay-gradient":""},"tablet":{"background-color":"var(--ast-global-color-5)","background-image":"","background-repeat":"repeat","background-position":"center center","background-size":"auto","background-attachment":"scroll","background-type":"","background-media":"","overlay-type":"","overlay-color":"","overlay-opacity":"","overlay-gradient":""},"mobile":{"background-color":"var(--ast-global-color-5)","background-image":"","background-repeat":"repeat","background-position":"center center","background-size":"auto","background-attachment":"scroll","background-type":"","background-media":"","overlay-type":"","overlay-color":"","overlay-opacity":"","overlay-gradient":""}},"footnotes":""},"categories":[1,2,4,5],"tags":[],"class_list":["post-2081","post","type-post","status-publish","format-standard","has-post-thumbnail","hentry","category-general","category-infantil","category-portada","category-primaria"],"post_mailing_queue_ids":[],"_links":{"self":[{"href":"https:\/\/agora.xtec.cat\/ceipsalvadorninot\/wp-json\/wp\/v2\/posts\/2081","targetHints":{"allow":["GET"]}}],"collection":[{"href":"https:\/\/agora.xtec.cat\/ceipsalvadorninot\/wp-json\/wp\/v2\/posts"}],"about":[{"href":"https:\/\/agora.xtec.cat\/ceipsalvadorninot\/wp-json\/wp\/v2\/types\/post"}],"author":[{"embeddable":true,"href":"https:\/\/agora.xtec.cat\/ceipsalvadorninot\/wp-json\/wp\/v2\/users\/1"}],"replies":[{"embeddable":true,"href":"https:\/\/agora.xtec.cat\/ceipsalvadorninot\/wp-json\/wp\/v2\/comments?post=2081"}],"version-history":[{"count":2,"href":"https:\/\/agora.xtec.cat\/ceipsalvadorninot\/wp-json\/wp\/v2\/posts\/2081\/revisions"}],"predecessor-version":[{"id":2099,"href":"https:\/\/agora.xtec.cat\/ceipsalvadorninot\/wp-json\/wp\/v2\/posts\/2081\/revisions\/2099"}],"wp:featuredmedia":[{"embeddable":true,"href":"https:\/\/agora.xtec.cat\/ceipsalvadorninot\/wp-json\/wp\/v2\/media\/2092"}],"wp:attachment":[{"href":"https:\/\/agora.xtec.cat\/ceipsalvadorninot\/wp-json\/wp\/v2\/media?parent=2081"}],"wp:term":[{"taxonomy":"category","embeddable":true,"href":"https:\/\/agora.xtec.cat\/ceipsalvadorninot\/wp-json\/wp\/v2\/categories?post=2081"},{"taxonomy":"post_tag","embeddable":true,"href":"https:\/\/agora.xtec.cat\/ceipsalvadorninot\/wp-json\/wp\/v2\/tags?post=2081"}],"curies":[{"name":"wp","href":"https:\/\/api.w.org\/{rel}","templated":true}]}}