{"id":1838,"date":"2019-11-13T13:53:46","date_gmt":"2019-11-13T12:53:46","guid":{"rendered":"http:\/\/agora.xtec.cat\/ceipsalvadorninot\/?p=1838"},"modified":"2019-11-13T13:53:46","modified_gmt":"2019-11-13T12:53:46","slug":"teatre-en-angles-i-museu-comarcal","status":"publish","type":"post","link":"https:\/\/agora.xtec.cat\/ceipsalvadorninot\/general\/teatre-en-angles-i-museu-comarcal\/","title":{"rendered":"Teatre en angl\u00e8s i museu comarcal"},"content":{"rendered":"<p>Estimades fam\u00edlies,<\/p>\n<p>El passat divendres, dia 8 de novembre, l&#8217;alumnat de cicle superior i cicle mitj\u00e0 de l&#8217;escola vam anar a Montblanc a veure l&#8217;obra de teatre &#8220;Aladdin&#8221; en angl\u00e8s. Algun i algunes dels nostres alumnes van participar molt activament en l&#8217;obra, quina enveja! Tant mestres com alumnes vam quedar molt satisfets de l&#8217;obra ja que va ser molt divertida i educativa.<\/p>\n<p>A continuaci\u00f3 vam anar a visitar el museu comarcal de la Conca de Barber\u00e0. Cicle superior van fer una visita des de la prehist\u00f2ria fins a l&#8217;actualitat i l&#8217;alumnat de cicle mitj\u00e0 van poder observar i aprendre sobre eines antigues.<\/p>\n<p>Finalment vam anar a dinar a la pla\u00e7a de Sant Francesc i despr\u00e9s vam jugar una bona estona!<\/p>\n<p><a href=\"https:\/\/agora.xtec.cat\/ceipsalvadorninot\/wp-content\/uploads\/usu1097\/2019\/11\/IMG-20191113-WA0001.jpg\"><img loading=\"lazy\" decoding=\"async\" class=\"alignnone size-full wp-image-1839\" src=\"https:\/\/agora.xtec.cat\/ceipsalvadorninot\/wp-content\/uploads\/usu1097\/2019\/11\/IMG-20191113-WA0001.jpg\" alt=\"\" width=\"2048\" height=\"1536\" srcset=\"https:\/\/agora.xtec.cat\/ceipsalvadorninot\/wp-content\/uploads\/usu1097\/2019\/11\/IMG-20191113-WA0001.jpg 2048w, https:\/\/agora.xtec.cat\/ceipsalvadorninot\/wp-content\/uploads\/usu1097\/2019\/11\/IMG-20191113-WA0001-300x225.jpg 300w, https:\/\/agora.xtec.cat\/ceipsalvadorninot\/wp-content\/uploads\/usu1097\/2019\/11\/IMG-20191113-WA0001-768x576.jpg 768w, https:\/\/agora.xtec.cat\/ceipsalvadorninot\/wp-content\/uploads\/usu1097\/2019\/11\/IMG-20191113-WA0001-1024x768.jpg 1024w, https:\/\/agora.xtec.cat\/ceipsalvadorninot\/wp-content\/uploads\/usu1097\/2019\/11\/IMG-20191113-WA0001-200x150.jpg 200w\" sizes=\"auto, (max-width: 2048px) 100vw, 2048px\" \/><\/a> <a href=\"https:\/\/agora.xtec.cat\/ceipsalvadorninot\/wp-content\/uploads\/usu1097\/2019\/11\/IMG-20191113-WA0002.jpg\"><img loading=\"lazy\" decoding=\"async\" class=\"alignnone size-full wp-image-1840\" src=\"https:\/\/agora.xtec.cat\/ceipsalvadorninot\/wp-content\/uploads\/usu1097\/2019\/11\/IMG-20191113-WA0002.jpg\" alt=\"\" width=\"2048\" height=\"1536\" srcset=\"https:\/\/agora.xtec.cat\/ceipsalvadorninot\/wp-content\/uploads\/usu1097\/2019\/11\/IMG-20191113-WA0002.jpg 2048w, https:\/\/agora.xtec.cat\/ceipsalvadorninot\/wp-content\/uploads\/usu1097\/2019\/11\/IMG-20191113-WA0002-300x225.jpg 300w, https:\/\/agora.xtec.cat\/ceipsalvadorninot\/wp-content\/uploads\/usu1097\/2019\/11\/IMG-20191113-WA0002-768x576.jpg 768w, https:\/\/agora.xtec.cat\/ceipsalvadorninot\/wp-content\/uploads\/usu1097\/2019\/11\/IMG-20191113-WA0002-1024x768.jpg 1024w, https:\/\/agora.xtec.cat\/ceipsalvadorninot\/wp-content\/uploads\/usu1097\/2019\/11\/IMG-20191113-WA0002-200x150.jpg 200w\" sizes=\"auto, (max-width: 2048px) 100vw, 2048px\" \/><\/a> <a href=\"https:\/\/agora.xtec.cat\/ceipsalvadorninot\/wp-content\/uploads\/usu1097\/2019\/11\/IMG-20191113-WA0003.jpg\"><img loading=\"lazy\" decoding=\"async\" class=\"alignnone size-full wp-image-1841\" src=\"https:\/\/agora.xtec.cat\/ceipsalvadorninot\/wp-content\/uploads\/usu1097\/2019\/11\/IMG-20191113-WA0003.jpg\" alt=\"\" width=\"2048\" height=\"1536\" srcset=\"https:\/\/agora.xtec.cat\/ceipsalvadorninot\/wp-content\/uploads\/usu1097\/2019\/11\/IMG-20191113-WA0003.jpg 2048w, https:\/\/agora.xtec.cat\/ceipsalvadorninot\/wp-content\/uploads\/usu1097\/2019\/11\/IMG-20191113-WA0003-300x225.jpg 300w, https:\/\/agora.xtec.cat\/ceipsalvadorninot\/wp-content\/uploads\/usu1097\/2019\/11\/IMG-20191113-WA0003-768x576.jpg 768w, https:\/\/agora.xtec.cat\/ceipsalvadorninot\/wp-content\/uploads\/usu1097\/2019\/11\/IMG-20191113-WA0003-1024x768.jpg 1024w, https:\/\/agora.xtec.cat\/ceipsalvadorninot\/wp-content\/uploads\/usu1097\/2019\/11\/IMG-20191113-WA0003-200x150.jpg 200w\" sizes=\"auto, (max-width: 2048px) 100vw, 2048px\" \/><\/a> <a href=\"https:\/\/agora.xtec.cat\/ceipsalvadorninot\/wp-content\/uploads\/usu1097\/2019\/11\/IMG-20191113-WA0004.jpg\"><img loading=\"lazy\" decoding=\"async\" class=\"alignnone size-full wp-image-1842\" src=\"https:\/\/agora.xtec.cat\/ceipsalvadorninot\/wp-content\/uploads\/usu1097\/2019\/11\/IMG-20191113-WA0004.jpg\" alt=\"\" width=\"2048\" height=\"1536\" srcset=\"https:\/\/agora.xtec.cat\/ceipsalvadorninot\/wp-content\/uploads\/usu1097\/2019\/11\/IMG-20191113-WA0004.jpg 2048w, https:\/\/agora.xtec.cat\/ceipsalvadorninot\/wp-content\/uploads\/usu1097\/2019\/11\/IMG-20191113-WA0004-300x225.jpg 300w, https:\/\/agora.xtec.cat\/ceipsalvadorninot\/wp-content\/uploads\/usu1097\/2019\/11\/IMG-20191113-WA0004-768x576.jpg 768w, https:\/\/agora.xtec.cat\/ceipsalvadorninot\/wp-content\/uploads\/usu1097\/2019\/11\/IMG-20191113-WA0004-1024x768.jpg 1024w, https:\/\/agora.xtec.cat\/ceipsalvadorninot\/wp-content\/uploads\/usu1097\/2019\/11\/IMG-20191113-WA0004-200x150.jpg 200w\" sizes=\"auto, (max-width: 2048px) 100vw, 2048px\" \/><\/a> <a href=\"https:\/\/agora.xtec.cat\/ceipsalvadorninot\/wp-content\/uploads\/usu1097\/2019\/11\/IMG-20191113-WA0005.jpg\"><img loading=\"lazy\" decoding=\"async\" class=\"alignnone size-full wp-image-1843\" src=\"https:\/\/agora.xtec.cat\/ceipsalvadorninot\/wp-content\/uploads\/usu1097\/2019\/11\/IMG-20191113-WA0005.jpg\" alt=\"\" width=\"2048\" height=\"1536\" srcset=\"https:\/\/agora.xtec.cat\/ceipsalvadorninot\/wp-content\/uploads\/usu1097\/2019\/11\/IMG-20191113-WA0005.jpg 2048w, https:\/\/agora.xtec.cat\/ceipsalvadorninot\/wp-content\/uploads\/usu1097\/2019\/11\/IMG-20191113-WA0005-300x225.jpg 300w, https:\/\/agora.xtec.cat\/ceipsalvadorninot\/wp-content\/uploads\/usu1097\/2019\/11\/IMG-20191113-WA0005-768x576.jpg 768w, https:\/\/agora.xtec.cat\/ceipsalvadorninot\/wp-content\/uploads\/usu1097\/2019\/11\/IMG-20191113-WA0005-1024x768.jpg 1024w, https:\/\/agora.xtec.cat\/ceipsalvadorninot\/wp-content\/uploads\/usu1097\/2019\/11\/IMG-20191113-WA0005-200x150.jpg 200w\" sizes=\"auto, (max-width: 2048px) 100vw, 2048px\" \/><\/a><\/p>\n","protected":false},"excerpt":{"rendered":"<p>Estimades fam\u00edlies, El passat divendres, dia 8 de novembre, l&#8217;alumnat de cicle superior i cicle mitj\u00e0 de l&#8217;escola vam anar [&hellip;]<\/p>\n","protected":false},"author":1,"featured_media":1840,"comment_status":"open","ping_status":"closed","sticky":false,"template":"","format":"standard","meta":{"_bbp_topic_count":0,"_bbp_reply_count":0,"_bbp_total_topic_count":0,"_bbp_total_reply_count":0,"_bbp_voice_count":0,"_bbp_anonymous_reply_count":0,"_bbp_topic_count_hidden":0,"_bbp_reply_count_hidden":0,"_bbp_forum_subforum_count":0,"site-sidebar-layout":"default","site-content-layout":"","ast-site-content-layout":"","site-content-style":"default","site-sidebar-style":"default","ast-global-header-display":"","ast-banner-title-visibility":"","ast-main-header-display":"","ast-hfb-above-header-display":"","ast-hfb-below-header-display":"","ast-hfb-mobile-header-display":"","site-post-title":"","ast-breadcrumbs-content":"","ast-featured-img":"","footer-sml-layout":"","theme-transparent-header-meta":"","adv-header-id-meta":"","stick-header-meta":"","header-above-stick-meta":"","header-main-stick-meta":"","header-below-stick-meta":"","astra-migrate-meta-layouts":"default","ast-page-background-enabled":"default","ast-page-background-meta":{"desktop":{"background-color":"var(--ast-global-color-4)","background-image":"","background-repeat":"repeat","background-position":"center center","background-size":"auto","background-attachment":"scroll","background-type":"","background-media":"","overlay-type":"","overlay-color":"","overlay-opacity":"","overlay-gradient":""},"tablet":{"background-color":"","background-image":"","background-repeat":"repeat","background-position":"center center","background-size":"auto","background-attachment":"scroll","background-type":"","background-media":"","overlay-type":"","overlay-color":"","overlay-opacity":"","overlay-gradient":""},"mobile":{"background-color":"","background-image":"","background-repeat":"repeat","background-position":"center center","background-size":"auto","background-attachment":"scroll","background-type":"","background-media":"","overlay-type":"","overlay-color":"","overlay-opacity":"","overlay-gradient":""}},"ast-content-background-meta":{"desktop":{"background-color":"var(--ast-global-color-5)","background-image":"","background-repeat":"repeat","background-position":"center center","background-size":"auto","background-attachment":"scroll","background-type":"","background-media":"","overlay-type":"","overlay-color":"","overlay-opacity":"","overlay-gradient":""},"tablet":{"background-color":"var(--ast-global-color-5)","background-image":"","background-repeat":"repeat","background-position":"center center","background-size":"auto","background-attachment":"scroll","background-type":"","background-media":"","overlay-type":"","overlay-color":"","overlay-opacity":"","overlay-gradient":""},"mobile":{"background-color":"var(--ast-global-color-5)","background-image":"","background-repeat":"repeat","background-position":"center center","background-size":"auto","background-attachment":"scroll","background-type":"","background-media":"","overlay-type":"","overlay-color":"","overlay-opacity":"","overlay-gradient":""}},"footnotes":""},"categories":[12,13,14,15,1,4,5],"tags":[],"class_list":["post-1838","post","type-post","status-publish","format-standard","has-post-thumbnail","hentry","category-3r","category-4t","category-5e","category-6e","category-general","category-portada","category-primaria"],"post_mailing_queue_ids":[],"_links":{"self":[{"href":"https:\/\/agora.xtec.cat\/ceipsalvadorninot\/wp-json\/wp\/v2\/posts\/1838","targetHints":{"allow":["GET"]}}],"collection":[{"href":"https:\/\/agora.xtec.cat\/ceipsalvadorninot\/wp-json\/wp\/v2\/posts"}],"about":[{"href":"https:\/\/agora.xtec.cat\/ceipsalvadorninot\/wp-json\/wp\/v2\/types\/post"}],"author":[{"embeddable":true,"href":"https:\/\/agora.xtec.cat\/ceipsalvadorninot\/wp-json\/wp\/v2\/users\/1"}],"replies":[{"embeddable":true,"href":"https:\/\/agora.xtec.cat\/ceipsalvadorninot\/wp-json\/wp\/v2\/comments?post=1838"}],"version-history":[{"count":1,"href":"https:\/\/agora.xtec.cat\/ceipsalvadorninot\/wp-json\/wp\/v2\/posts\/1838\/revisions"}],"predecessor-version":[{"id":1844,"href":"https:\/\/agora.xtec.cat\/ceipsalvadorninot\/wp-json\/wp\/v2\/posts\/1838\/revisions\/1844"}],"wp:featuredmedia":[{"embeddable":true,"href":"https:\/\/agora.xtec.cat\/ceipsalvadorninot\/wp-json\/wp\/v2\/media\/1840"}],"wp:attachment":[{"href":"https:\/\/agora.xtec.cat\/ceipsalvadorninot\/wp-json\/wp\/v2\/media?parent=1838"}],"wp:term":[{"taxonomy":"category","embeddable":true,"href":"https:\/\/agora.xtec.cat\/ceipsalvadorninot\/wp-json\/wp\/v2\/categories?post=1838"},{"taxonomy":"post_tag","embeddable":true,"href":"https:\/\/agora.xtec.cat\/ceipsalvadorninot\/wp-json\/wp\/v2\/tags?post=1838"}],"curies":[{"name":"wp","href":"https:\/\/api.w.org\/{rel}","templated":true}]}}