{"id":1393,"date":"2019-03-11T13:40:47","date_gmt":"2019-03-11T12:40:47","guid":{"rendered":"http:\/\/agora.xtec.cat\/ceipsalvadorninot\/?p=1393"},"modified":"2019-03-12T23:24:49","modified_gmt":"2019-03-12T22:24:49","slug":"dijous-gras-a-montbrio-de-la-marca","status":"publish","type":"post","link":"https:\/\/agora.xtec.cat\/ceipsalvadorninot\/general\/dijous-gras-a-montbrio-de-la-marca\/","title":{"rendered":"Dijous gras a Montbri\u00f3 de la Marca"},"content":{"rendered":"<p>El dijous 28 de febrer els alumnes de prim\u00e0ria, acompanyats per tres membres del grup excursionista de Sarral que tamb\u00e9 s\u00f3n avis de nens i nenes de l&#8217;escola, vam anar per cam\u00ed fins a Montbri\u00f3 de la Marca.<\/p>\n<p><a href=\"https:\/\/agora.xtec.cat\/ceipsalvadorninot\/wp-content\/uploads\/usu1097\/2019\/03\/grup.jpg\"><img loading=\"lazy\" decoding=\"async\" class=\"size-large wp-image-1397 aligncenter\" src=\"https:\/\/agora.xtec.cat\/ceipsalvadorninot\/wp-content\/uploads\/usu1097\/2019\/03\/grup-1024x464.jpg\" alt=\"\" width=\"1024\" height=\"464\" srcset=\"https:\/\/agora.xtec.cat\/ceipsalvadorninot\/wp-content\/uploads\/usu1097\/2019\/03\/grup-1024x464.jpg 1024w, https:\/\/agora.xtec.cat\/ceipsalvadorninot\/wp-content\/uploads\/usu1097\/2019\/03\/grup-300x136.jpg 300w, https:\/\/agora.xtec.cat\/ceipsalvadorninot\/wp-content\/uploads\/usu1097\/2019\/03\/grup-768x348.jpg 768w, https:\/\/agora.xtec.cat\/ceipsalvadorninot\/wp-content\/uploads\/usu1097\/2019\/03\/grup.jpg 1346w\" sizes=\"auto, (max-width: 1024px) 100vw, 1024px\" \/><\/a><\/p>\n<p>Un cop vam arribar-hi ens esperaven l&#8217;Enric i la Merc\u00e8, que gentilment\u00a0 van acompanyar els m\u00e9s grans a fer una visita guiada pel poble, aix\u00ed com tamb\u00e9 van fer possible que l&#8217;estada fos d&#8217;all\u00f2 m\u00e9s agradable, oferint-nos les instal\u00b7lacions per dinar.<\/p>\n<p><a href=\"https:\/\/agora.xtec.cat\/ceipsalvadorninot\/wp-content\/uploads\/usu1097\/2019\/03\/img-20190228-wa0048.jpg\"><img loading=\"lazy\" decoding=\"async\" class=\" wp-image-1403 aligncenter\" src=\"https:\/\/agora.xtec.cat\/ceipsalvadorninot\/wp-content\/uploads\/usu1097\/2019\/03\/img-20190228-wa0048.jpg\" alt=\"\" width=\"849\" height=\"637\" srcset=\"https:\/\/agora.xtec.cat\/ceipsalvadorninot\/wp-content\/uploads\/usu1097\/2019\/03\/img-20190228-wa0048.jpg 672w, https:\/\/agora.xtec.cat\/ceipsalvadorninot\/wp-content\/uploads\/usu1097\/2019\/03\/img-20190228-wa0048-300x225.jpg 300w, https:\/\/agora.xtec.cat\/ceipsalvadorninot\/wp-content\/uploads\/usu1097\/2019\/03\/img-20190228-wa0048-200x150.jpg 200w\" sizes=\"auto, (max-width: 849px) 100vw, 849px\" \/><\/a><\/p>\n<p>&nbsp;<\/p>\n<p>Mentre uns feien la visita, els altres jugaven a jocs tradicionals cedits pel Consell Comarcal i d&#8217;altres als gronxadors.<\/p>\n<p><a href=\"https:\/\/agora.xtec.cat\/ceipsalvadorninot\/wp-content\/uploads\/usu1097\/2019\/03\/20190228_125011.jpg\"><img loading=\"lazy\" decoding=\"async\" class=\"size-large wp-image-1401 aligncenter\" src=\"https:\/\/agora.xtec.cat\/ceipsalvadorninot\/wp-content\/uploads\/usu1097\/2019\/03\/20190228_125011-1024x768.jpg\" alt=\"\" width=\"1024\" height=\"768\" srcset=\"https:\/\/agora.xtec.cat\/ceipsalvadorninot\/wp-content\/uploads\/usu1097\/2019\/03\/20190228_125011-1024x768.jpg 1024w, https:\/\/agora.xtec.cat\/ceipsalvadorninot\/wp-content\/uploads\/usu1097\/2019\/03\/20190228_125011-300x225.jpg 300w, https:\/\/agora.xtec.cat\/ceipsalvadorninot\/wp-content\/uploads\/usu1097\/2019\/03\/20190228_125011-768x576.jpg 768w, https:\/\/agora.xtec.cat\/ceipsalvadorninot\/wp-content\/uploads\/usu1097\/2019\/03\/20190228_125011-200x150.jpg 200w, https:\/\/agora.xtec.cat\/ceipsalvadorninot\/wp-content\/uploads\/usu1097\/2019\/03\/20190228_125011.jpg 1734w\" sizes=\"auto, (max-width: 1024px) 100vw, 1024px\" \/><\/a><\/p>\n<p>&nbsp;<\/p>\n<p>Despr\u00e9s de dinar i gaudir d&#8217;una estona d&#8217;esbarjo vam tornar cap a l&#8217;escola pel mateix cam\u00ed.<\/p>\n<p><a href=\"https:\/\/agora.xtec.cat\/ceipsalvadorninot\/wp-content\/uploads\/usu1097\/2019\/03\/img-20190228-wa0054.jpg\"><img loading=\"lazy\" decoding=\"async\" class=\" wp-image-1406 aligncenter\" src=\"https:\/\/agora.xtec.cat\/ceipsalvadorninot\/wp-content\/uploads\/usu1097\/2019\/03\/img-20190228-wa0054.jpg\" alt=\"\" width=\"815\" height=\"611\" srcset=\"https:\/\/agora.xtec.cat\/ceipsalvadorninot\/wp-content\/uploads\/usu1097\/2019\/03\/img-20190228-wa0054.jpg 640w, https:\/\/agora.xtec.cat\/ceipsalvadorninot\/wp-content\/uploads\/usu1097\/2019\/03\/img-20190228-wa0054-300x225.jpg 300w, https:\/\/agora.xtec.cat\/ceipsalvadorninot\/wp-content\/uploads\/usu1097\/2019\/03\/img-20190228-wa0054-200x150.jpg 200w\" sizes=\"auto, (max-width: 815px) 100vw, 815px\" \/><\/a><\/p>\n<p>Agra\u00efm al Sr. Josep Aluja, al Sr. Ramon Bov\u00e9 i al Sr. Josep M. Freixas per haver-nos acompanyat en aquesta sortida. Aix\u00ed com tamb\u00e9 a la Sra. Merc\u00e8 i al Sr. Enric per la seva hospitalitat.<\/p>\n<p>Va ser una experi\u00e8ncia molt enriquidora.<\/p>\n<p>&nbsp;<\/p>\n","protected":false},"excerpt":{"rendered":"<p>El dijous 28 de febrer els alumnes de prim\u00e0ria, acompanyats per tres membres del grup excursionista de Sarral que tamb\u00e9 [&hellip;]<\/p>\n","protected":false},"author":1,"featured_media":1399,"comment_status":"open","ping_status":"closed","sticky":false,"template":"","format":"standard","meta":{"_bbp_topic_count":0,"_bbp_reply_count":0,"_bbp_total_topic_count":0,"_bbp_total_reply_count":0,"_bbp_voice_count":0,"_bbp_anonymous_reply_count":0,"_bbp_topic_count_hidden":0,"_bbp_reply_count_hidden":0,"_bbp_forum_subforum_count":0,"site-sidebar-layout":"default","site-content-layout":"","ast-site-content-layout":"","site-content-style":"default","site-sidebar-style":"default","ast-global-header-display":"","ast-banner-title-visibility":"","ast-main-header-display":"","ast-hfb-above-header-display":"","ast-hfb-below-header-display":"","ast-hfb-mobile-header-display":"","site-post-title":"","ast-breadcrumbs-content":"","ast-featured-img":"","footer-sml-layout":"","theme-transparent-header-meta":"","adv-header-id-meta":"","stick-header-meta":"","header-above-stick-meta":"","header-main-stick-meta":"","header-below-stick-meta":"","astra-migrate-meta-layouts":"default","ast-page-background-enabled":"default","ast-page-background-meta":{"desktop":{"background-color":"var(--ast-global-color-4)","background-image":"","background-repeat":"repeat","background-position":"center center","background-size":"auto","background-attachment":"scroll","background-type":"","background-media":"","overlay-type":"","overlay-color":"","overlay-opacity":"","overlay-gradient":""},"tablet":{"background-color":"","background-image":"","background-repeat":"repeat","background-position":"center center","background-size":"auto","background-attachment":"scroll","background-type":"","background-media":"","overlay-type":"","overlay-color":"","overlay-opacity":"","overlay-gradient":""},"mobile":{"background-color":"","background-image":"","background-repeat":"repeat","background-position":"center center","background-size":"auto","background-attachment":"scroll","background-type":"","background-media":"","overlay-type":"","overlay-color":"","overlay-opacity":"","overlay-gradient":""}},"ast-content-background-meta":{"desktop":{"background-color":"var(--ast-global-color-5)","background-image":"","background-repeat":"repeat","background-position":"center center","background-size":"auto","background-attachment":"scroll","background-type":"","background-media":"","overlay-type":"","overlay-color":"","overlay-opacity":"","overlay-gradient":""},"tablet":{"background-color":"var(--ast-global-color-5)","background-image":"","background-repeat":"repeat","background-position":"center center","background-size":"auto","background-attachment":"scroll","background-type":"","background-media":"","overlay-type":"","overlay-color":"","overlay-opacity":"","overlay-gradient":""},"mobile":{"background-color":"var(--ast-global-color-5)","background-image":"","background-repeat":"repeat","background-position":"center center","background-size":"auto","background-attachment":"scroll","background-type":"","background-media":"","overlay-type":"","overlay-color":"","overlay-opacity":"","overlay-gradient":""}},"footnotes":""},"categories":[1,2,4,5],"tags":[],"class_list":["post-1393","post","type-post","status-publish","format-standard","has-post-thumbnail","hentry","category-general","category-infantil","category-portada","category-primaria"],"post_mailing_queue_ids":[],"_links":{"self":[{"href":"https:\/\/agora.xtec.cat\/ceipsalvadorninot\/wp-json\/wp\/v2\/posts\/1393","targetHints":{"allow":["GET"]}}],"collection":[{"href":"https:\/\/agora.xtec.cat\/ceipsalvadorninot\/wp-json\/wp\/v2\/posts"}],"about":[{"href":"https:\/\/agora.xtec.cat\/ceipsalvadorninot\/wp-json\/wp\/v2\/types\/post"}],"author":[{"embeddable":true,"href":"https:\/\/agora.xtec.cat\/ceipsalvadorninot\/wp-json\/wp\/v2\/users\/1"}],"replies":[{"embeddable":true,"href":"https:\/\/agora.xtec.cat\/ceipsalvadorninot\/wp-json\/wp\/v2\/comments?post=1393"}],"version-history":[{"count":3,"href":"https:\/\/agora.xtec.cat\/ceipsalvadorninot\/wp-json\/wp\/v2\/posts\/1393\/revisions"}],"predecessor-version":[{"id":1407,"href":"https:\/\/agora.xtec.cat\/ceipsalvadorninot\/wp-json\/wp\/v2\/posts\/1393\/revisions\/1407"}],"wp:featuredmedia":[{"embeddable":true,"href":"https:\/\/agora.xtec.cat\/ceipsalvadorninot\/wp-json\/wp\/v2\/media\/1399"}],"wp:attachment":[{"href":"https:\/\/agora.xtec.cat\/ceipsalvadorninot\/wp-json\/wp\/v2\/media?parent=1393"}],"wp:term":[{"taxonomy":"category","embeddable":true,"href":"https:\/\/agora.xtec.cat\/ceipsalvadorninot\/wp-json\/wp\/v2\/categories?post=1393"},{"taxonomy":"post_tag","embeddable":true,"href":"https:\/\/agora.xtec.cat\/ceipsalvadorninot\/wp-json\/wp\/v2\/tags?post=1393"}],"curies":[{"name":"wp","href":"https:\/\/api.w.org\/{rel}","templated":true}]}}