{"id":99,"count":14,"description":"La finalitat d\u2019aquest programa \u00e9s millorar la compet\u00e8ncia en lleng\u00fces estrangeres de l\u2019alumnat, afavorint el seu creixement acad\u00e8mic i posterior inserci\u00f3 laboral, i capacitant-lo per interactuar amb el m\u00f3n en diverses lleng\u00fces i de manera cr\u00edtica.\r\n\r\nLes accions del programa GEP s\u2019orienten, d\u2019una banda, a incrementar el temps d\u2019exposici\u00f3 de l\u2019alumnat a les lleng\u00fces estrangeres curriculars i, d\u2019una altra, a acompanyar els centres educatius en el proc\u00e9s de desplegament i consolidaci\u00f3 d\u2019un projecte ling\u00fc\u00edstic pluriling\u00fce propi.\r\n\r\nNascut l\u2019any 2013 com a programa experimental, s\u2019adre\u00e7a als centres educatius que imparteixen ensenyaments d\u2019educaci\u00f3 prim\u00e0ria, d\u2019educaci\u00f3 secund\u00e0ria obligat\u00f2ria, batxillerat o formaci\u00f3 professional inicial, de titularitat del Departament d\u2019Ensenyament, de titularitat municipal i de titularitat privada en r\u00e8gim de concert. La selecci\u00f3 de centres es far\u00e0 anualment a proposta dels serveis territorials i amb la col\u00b7laboraci\u00f3 de la Inspecci\u00f3 d'Educaci\u00f3.","link":"https:\/\/agora.xtec.cat\/ceipsalvadorninot\/categoria\/gep\/","name":"Generaci\u00f3 Pluriling\u00fce (GEP)","slug":"gep","taxonomy":"category","parent":0,"meta":[],"_links":{"self":[{"href":"https:\/\/agora.xtec.cat\/ceipsalvadorninot\/wp-json\/wp\/v2\/categories\/99","targetHints":{"allow":["GET"]}}],"collection":[{"href":"https:\/\/agora.xtec.cat\/ceipsalvadorninot\/wp-json\/wp\/v2\/categories"}],"about":[{"href":"https:\/\/agora.xtec.cat\/ceipsalvadorninot\/wp-json\/wp\/v2\/taxonomies\/category"}],"wp:post_type":[{"href":"https:\/\/agora.xtec.cat\/ceipsalvadorninot\/wp-json\/wp\/v2\/posts?categories=99"}],"curies":[{"name":"wp","href":"https:\/\/api.w.org\/{rel}","templated":true}]}}