{"id":92,"count":6,"description":"La nostra escola est\u00e0 adherida al <em>Programa d'Innovaci\u00f3 Pedag\u00f2gica<\/em> #aqu\u00edproubullying (2019-2022).\r\n\r\nEl programa posa a l\u2019abast dels centres la formaci\u00f3, estrat\u00e8gies i recursos necessaris per elaborar un projecte de prevenci\u00f3, detecci\u00f3 i intervenci\u00f3 davant l\u2019assetjament amb la participaci\u00f3 de tota la comunitat escolar, especialment de l\u2019alumnat qui actuar\u00e0 com observador i agent actiu i comprom\u00e8s en la lluita contra l\u2019assetjament alhora que adquireix les actituds i els valors propis de la compet\u00e8ncia social i ciutadana.\r\n\r\nEls principals objectius del programa s\u00f3n:\r\n<ul>\r\n \t<li>Implicar la comunitat escolar davant els casos d\u2019assetjament.<\/li>\r\n \t<li>Potenciar el comprom\u00eds actiu de l\u2019alumnat en la prevenci\u00f3 i detecci\u00f3 dels casos d\u2019assetjament.<\/li>\r\n \t<li>Fomentar la gesti\u00f3 positiva dels conflictes.<\/li>\r\n \t<li>Contribuir al desenvolupament personal i social de l\u2019alumnat.<\/li>\r\n<\/ul>\r\nEl curs 2019-2020, tot el professorat del centre va rebre una formaci\u00f3 espec\u00edfica en relaci\u00f3 al programa. Aix\u00ed mateix, tamb\u00e9 es va crear la comissi\u00f3 de conviv\u00e8ncia que, entre d'altres, va elaborar el Projecte de conviv\u00e8ncia del centre.\r\n\r\nEl curs 2021-2022 es dur\u00e0 a terme una formaci\u00f3 interna al centre sobre la mediaci\u00f3 en l'\u00e0mbit escolar.","link":"https:\/\/agora.xtec.cat\/ceipsalvadorninot\/categoria\/bullying\/","name":"#aquiproubullying","slug":"bullying","taxonomy":"category","parent":0,"meta":[],"_links":{"self":[{"href":"https:\/\/agora.xtec.cat\/ceipsalvadorninot\/wp-json\/wp\/v2\/categories\/92","targetHints":{"allow":["GET"]}}],"collection":[{"href":"https:\/\/agora.xtec.cat\/ceipsalvadorninot\/wp-json\/wp\/v2\/categories"}],"about":[{"href":"https:\/\/agora.xtec.cat\/ceipsalvadorninot\/wp-json\/wp\/v2\/taxonomies\/category"}],"wp:post_type":[{"href":"https:\/\/agora.xtec.cat\/ceipsalvadorninot\/wp-json\/wp\/v2\/posts?categories=92"}],"curies":[{"name":"wp","href":"https:\/\/api.w.org\/{rel}","templated":true}]}}