{"id":91,"count":28,"description":"El Programa escoles verdes sorgeix com un comprom\u00eds de la Generalitat de Catalunya per donar suport a tots els centres educatius de Catalunya que volen innovar, incloure, avan\u00e7ar, sistematitzar i organitzar accions educatives que tinguin la finalitat d'afrontar, des de l'educaci\u00f3, els nous reptes i valors de la sostenibilitat.\r\n\r\nI, per tant, es plantegen tres grans objectius:\r\n<ul>\r\n \t<li>Ajudar els centres a incorporar els valors de l'educaci\u00f3 per a la sostenibilitat en tots els \u00e0mbits de la vida del centre (curr\u00edculum, gesti\u00f3, relacions amb l'entorn, etc.).<\/li>\r\n \t<li>Promoure la participaci\u00f3 i la implicaci\u00f3 activa de la comunitat educativa en la millora del seu entorn.<\/li>\r\n \t<li>Afavorir l'intercanvi entre els centres que comparteixen uns mateixos objectius.<\/li>\r\n<\/ul>\r\nEl curs 2020-2021 s'inicia la formaci\u00f3 del professorat que forma part de l'equip impulsor per tal d'iniciar-nos en l'educaci\u00f3 per a la sostenibilitat, entre d'altres.\r\n\r\nPodreu trobar m\u00e9s informaci\u00f3 a:\u00a0<a href=\"http:\/\/xtec.gencat.cat\/ca\/projectes\/escoles-verdes\/\">http:\/\/xtec.gencat.cat\/ca\/projectes\/escoles-verdes\/<\/a>","link":"https:\/\/agora.xtec.cat\/ceipsalvadorninot\/categoria\/verda\/","name":"Escola verda","slug":"verda","taxonomy":"category","parent":0,"meta":[],"_links":{"self":[{"href":"https:\/\/agora.xtec.cat\/ceipsalvadorninot\/wp-json\/wp\/v2\/categories\/91","targetHints":{"allow":["GET"]}}],"collection":[{"href":"https:\/\/agora.xtec.cat\/ceipsalvadorninot\/wp-json\/wp\/v2\/categories"}],"about":[{"href":"https:\/\/agora.xtec.cat\/ceipsalvadorninot\/wp-json\/wp\/v2\/taxonomies\/category"}],"wp:post_type":[{"href":"https:\/\/agora.xtec.cat\/ceipsalvadorninot\/wp-json\/wp\/v2\/posts?categories=91"}],"curies":[{"name":"wp","href":"https:\/\/api.w.org\/{rel}","templated":true}]}}