{"id":75,"count":12,"description":"A l'escola, l\u2019hort \u00e9s molt m\u00e9s que un espai on conrear verdures i plantes arom\u00e0tiques. \u00c9s un entorn d\u2019aprenentatge actiu on els infants experimenten, observen i descobreixen la relaci\u00f3 directa entre la natura, la ci\u00e8ncia i la vida quotidiana.\r\n\r\nDedicar un espai de l'horari a l\u2019hort fomenta la responsabilitat, el treball en equip i el respecte cap al medi ambient. Alhora, permet integrar sabers de diferents \u00e0rees de coneixement: matem\u00e0tiques, coneixement del medi, llengua i valors.\r\n\r\nCada curs, els nens i nenes participen en totes les fases del proc\u00e9s, des de la sembra fins a la collita, aprenent a valorar l\u2019esfor\u00e7 i la paci\u00e8ncia que requereix la natura.\r\n\r\nAix\u00ed, l\u2019hort escolar esdev\u00e9 un laboratori a l\u2019aire lliure on l\u2019experi\u00e8ncia pr\u00e0ctica complementa l\u2019aprenentatge a l\u2019aula, ajudant-nos a cr\u00e9ixer com a persones m\u00e9s conscients, responsables i connectades amb l\u2019entorn.","link":"https:\/\/agora.xtec.cat\/ceipsalvadorninot\/categoria\/pati-pedagogic\/","name":"L'hort escolar","slug":"pati-pedagogic","taxonomy":"category","parent":0,"meta":[],"_links":{"self":[{"href":"https:\/\/agora.xtec.cat\/ceipsalvadorninot\/wp-json\/wp\/v2\/categories\/75","targetHints":{"allow":["GET"]}}],"collection":[{"href":"https:\/\/agora.xtec.cat\/ceipsalvadorninot\/wp-json\/wp\/v2\/categories"}],"about":[{"href":"https:\/\/agora.xtec.cat\/ceipsalvadorninot\/wp-json\/wp\/v2\/taxonomies\/category"}],"wp:post_type":[{"href":"https:\/\/agora.xtec.cat\/ceipsalvadorninot\/wp-json\/wp\/v2\/posts?categories=75"}],"curies":[{"name":"wp","href":"https:\/\/api.w.org\/{rel}","templated":true}]}}