{"id":69,"count":6,"description":"La nostra escola ha estat seleccionada per participar en el Programa d'Innovaci\u00f3 Pedag\u00f2gica Tecnologies Digitals per a l'Aprenentatge (2019-2022).\r\n\r\nEl Programa Tecnologies Digitals per a l\u2019Aprenentatge consisteix en la promoci\u00f3 de l\u2019equitat i la qualitat del sistema educatiu reflectida en la millora de les capacitats i compet\u00e8ncies de l\u2019alumnat participant per mitj\u00e0 diferents \u00e0mbits de participaci\u00f3: la transformaci\u00f3 digital del centre, les tecnologies m\u00f2bils, la comunicaci\u00f3 digital i la col\u00b7laboraci\u00f3 amb entitats externes.\r\n\r\nL'objectiu del programa \u00e9s afavorir que els alumnes assoleixin la compet\u00e8ncia digital,\u00a0incentivant-ne la motivaci\u00f3 mitjan\u00e7ant l'\u00fas de tecnologies digitals i m\u00f2bils, i promoure'n les vocacions cientificotecnol\u00f2giques, i tamb\u00e9 donar a con\u00e8ixer les diferents vies d'integraci\u00f3 de les tecnologies digitals a tots els centres educatius.\r\n\r\nAix\u00ed cal que les propostes consisteixin en experi\u00e8ncies que s'hagin aplicat al centre o que estiguin en proc\u00e9s d'aplicaci\u00f3, i que tinguin un impacte de canvi metodol\u00f2gic.\r\n\r\nPodreu trobar m\u00e9s informaci\u00f3 a l'enlla\u00e7 seg\u00fcent:\u00a0<a href=\"http:\/\/ensenyament.gencat.cat\/ca\/arees-actuacio\/centres-serveis-educatius\/altres-programes-educatius\/tecnologies-digitals-aprenentatge\/\">http:\/\/ensenyament.gencat.cat\/ca\/arees-actuacio\/centres-serveis-educatius\/altres-programes-educatius\/tecnologies-digitals-aprenentatge\/<\/a>","link":"https:\/\/agora.xtec.cat\/ceipsalvadorninot\/categoria\/tecnologies-digitals-per-a-laprenentatge\/","name":"Tecnologies Digitals per a l'Aprenentatge","slug":"tecnologies-digitals-per-a-laprenentatge","taxonomy":"category","parent":0,"meta":[],"_links":{"self":[{"href":"https:\/\/agora.xtec.cat\/ceipsalvadorninot\/wp-json\/wp\/v2\/categories\/69","targetHints":{"allow":["GET"]}}],"collection":[{"href":"https:\/\/agora.xtec.cat\/ceipsalvadorninot\/wp-json\/wp\/v2\/categories"}],"about":[{"href":"https:\/\/agora.xtec.cat\/ceipsalvadorninot\/wp-json\/wp\/v2\/taxonomies\/category"}],"wp:post_type":[{"href":"https:\/\/agora.xtec.cat\/ceipsalvadorninot\/wp-json\/wp\/v2\/posts?categories=69"}],"curies":[{"name":"wp","href":"https:\/\/api.w.org\/{rel}","templated":true}]}}