{"id":121,"count":0,"description":"<a href=\"https:\/\/agora.xtec.cat\/ceipsalvadorninot\/wp-content\/uploads\/usu1097\/2026\/01\/APPA-1.png\"><img class=\"aligncenter wp-image-9798 size-medium\" src=\"https:\/\/agora.xtec.cat\/ceipsalvadorninot\/wp-content\/uploads\/usu1097\/2026\/01\/APPA-1-300x225.png\" alt=\"\" width=\"300\" height=\"225\" \/><\/a>\r\n\r\nEl <strong>projecte APPA<\/strong> neix amb la voluntat de\u00a0refor\u00e7ar la qualitat del sistema educatiu catal\u00e0 des d\u2019una mirada preventiva i inclusiva, amb una\u00a0atenci\u00f3 especial en\u00a0les primeres etapes de l\u2019escolaritzaci\u00f3. La recerca demostra que promoure pr\u00e0ctiques educatives efectives i identificar de manera primerenca les dificultats d\u2019aprenentatge pot afavorir significativament l\u2019\u00e8xit i la millora educativa de tot l\u2019alumnat,\u00a0aix\u00ed com reduir\u00a0l\u2019abandonament escolar prematur.\r\n\r\n\ud83d\udc67\u200b\ud83e\uddd1\u200b<strong>A qui va adre\u00e7at?<\/strong>\r\n\r\nLes APPA s\u2019adrecen als centres educatius que imparteixen educaci\u00f3 infantil i prim\u00e0ria, i ofereixen guies i materials per desenvolupar les compet\u00e8ncies oral i lectora.\r\n\r\nLes proves de detecci\u00f3 i informaci\u00f3 sobre l\u2019assoliment individual de l\u2019alumnat van dirigides a <strong>1r i a 3r d'educaci\u00f3 prim\u00e0ria<\/strong>.\u202f\u00a0\u200b\r\n\r\n\u200b\ud83c\udfaf\u200b<strong>Qu\u00e8 es pret\u00e9n?<\/strong>\r\n\r\nAquestes accions tenen com a finalitat:\r\n\r\nAfavorir la detecci\u00f3 primerenca\u202fde dificultats per desenvolupar la\u202fcompet\u00e8ncia comunicativa oral\u202fa 1r i la\u202fcompet\u00e8ncia lectora a 3r d\u2019educaci\u00f3 prim\u00e0ria.\u200b\r\nOrientar les\u202fdecisions pedag\u00f2giques\u202famb criteris clars i compartits, que permetin\u202festablir mesures ajustades a les necessitats reals dels infants.\r\nMillorar les pr\u00e0ctiques d\u2019aula\u202fmitjan\u00e7ant propostes did\u00e0ctiques que promoguin un\u202faprenentatge actiu i significatiu.\u202f\u00a0\u200b","link":"https:\/\/agora.xtec.cat\/ceipsalvadorninot\/categoria\/appa\/","name":"APPA","slug":"appa","taxonomy":"category","parent":0,"meta":[],"_links":{"self":[{"href":"https:\/\/agora.xtec.cat\/ceipsalvadorninot\/wp-json\/wp\/v2\/categories\/121","targetHints":{"allow":["GET"]}}],"collection":[{"href":"https:\/\/agora.xtec.cat\/ceipsalvadorninot\/wp-json\/wp\/v2\/categories"}],"about":[{"href":"https:\/\/agora.xtec.cat\/ceipsalvadorninot\/wp-json\/wp\/v2\/taxonomies\/category"}],"wp:post_type":[{"href":"https:\/\/agora.xtec.cat\/ceipsalvadorninot\/wp-json\/wp\/v2\/posts?categories=121"}],"curies":[{"name":"wp","href":"https:\/\/api.w.org\/{rel}","templated":true}]}}