{"id":105,"count":8,"description":"Quan en educaci\u00f3 per a la sostenibilitat parlem de resili\u00e8ncia, adaptaci\u00f3 al canvi, emerg\u00e8ncia clim\u00e0tica, participaci\u00f3 de la ciutadania, ... s\u00f3n conceptes que estem vivint en l'actualitat i que temps enrere no ens hagu\u00e9ssim pogut imaginar. Tot plegat fa que ens replantegem la nostra relaci\u00f3 amb el medi i entre nosaltres mateixos.\r\n\r\nEl\u00a0Projecte Rius\u00a0\u00e9s una iniciativa de l\u2019<a href=\"http:\/\/www.projecterius.cat\/associacio-habitats\/\">Associaci\u00f3 H\u00e0bitats<\/a>\u00a0que neix l\u2019any 1997 amb l\u2019objectiu d\u2019<strong>estimular la participaci\u00f3 activa de la societat en la conservaci\u00f3 i millora dels rius<\/strong>. Fomenta l\u2019apropament de les persones al medi i permet con\u00e8ixer les caracter\u00edstiques dels ecosistemes fluvials, la biodiversitat, els valors ecol\u00f2gics i socioculturals, aix\u00ed com identificar els problemes que els afecten i reflexionar sobre com pal\u00b7liar-los.\r\n\r\nMitjan\u00e7ant l\u2019educaci\u00f3 ambiental, el foment del teixit associatiu i el treball en xarxa del voluntariat ambiental, el projecte promou la implicaci\u00f3 de societat en la gesti\u00f3 dels espais fluvials, engegant i compartint iniciatives per la millora dels rius i de l\u2019entorn de ribera. L\u2019\u00e0mbit d\u2019intervenci\u00f3 de Projecte Rius \u00e9s el conjunt de conques fluvials de Catalunya. Actualment, el projecte tamb\u00e9 es desenvolupa al Pa\u00eds Valenci\u00e0, a Gal\u00edcia, a Madrid, a Cant\u00e0bria i a Portugal impulsat per entitats de cada regi\u00f3 sota el nom\u00a0<a href=\"http:\/\/www.projecterius.cat\/xarxa\/\" target=\"_blank\" rel=\"noopener noreferrer\">Xarxa Projecte Rius.<\/a>\r\n\r\nLa nostra escola\u00a0va adherir-se al Projecte Rius el curs 2018-2019 amb la formaci\u00f3 d'alguns docents del centre i l'apadrinament d'un tram del riu Vallverd. Al llarg del curs els i les alumnes de cicle mitj\u00e0 l'estudien i, a trav\u00e9s de la p\u00e0gina web del projecte, hi poden anar observant els resultats que cada any s'hi van publicant.\r\n\r\nLes inspeccions del riu s\u2019emmarquen dins de\u00a0<strong>dues campanyes d\u2019inspecci\u00f3<\/strong>: la\u00a0campanya de<strong> primavera<\/strong> (abril - maig) i la de la <strong>tardor\u00a0<\/strong>(setembre - octubre).","link":"https:\/\/agora.xtec.cat\/ceipsalvadorninot\/categoria\/rius\/","name":"Projecte Rius","slug":"rius","taxonomy":"category","parent":0,"meta":[],"_links":{"self":[{"href":"https:\/\/agora.xtec.cat\/ceipsalvadorninot\/wp-json\/wp\/v2\/categories\/105","targetHints":{"allow":["GET"]}}],"collection":[{"href":"https:\/\/agora.xtec.cat\/ceipsalvadorninot\/wp-json\/wp\/v2\/categories"}],"about":[{"href":"https:\/\/agora.xtec.cat\/ceipsalvadorninot\/wp-json\/wp\/v2\/taxonomies\/category"}],"wp:post_type":[{"href":"https:\/\/agora.xtec.cat\/ceipsalvadorninot\/wp-json\/wp\/v2\/posts?categories=105"}],"curies":[{"name":"wp","href":"https:\/\/api.w.org\/{rel}","templated":true}]}}