{"id":101,"count":1,"description":"A l'escola disposem d'una estaci\u00f3 meteorol\u00f2gica integrada per un term\u00f2metre de m\u00e0xima i m\u00ednima, un higr\u00f2metre, un bar\u00f2metre (aquests aparells es troben a l\u2019interior de la garita meteorol\u00f2gica) i un pluvi\u00f2metre.\r\n\r\nL\u2019objectiu \u00e9s que l\u2019alumnat de 6\u00e8 PRI porti a terme l\u2019observaci\u00f3 di\u00e0ria de la temperatura, pressi\u00f3 atmosf\u00e8rica, humitat i precipitaci\u00f3 per introduir-se, aix\u00ed, en l\u2019apassionant m\u00f3n de la meteorologia.","link":"https:\/\/agora.xtec.cat\/ceipsalvadorninot\/categoria\/meteorologia\/","name":"Meteorologia","slug":"meteorologia","taxonomy":"category","parent":0,"meta":[],"_links":{"self":[{"href":"https:\/\/agora.xtec.cat\/ceipsalvadorninot\/wp-json\/wp\/v2\/categories\/101","targetHints":{"allow":["GET"]}}],"collection":[{"href":"https:\/\/agora.xtec.cat\/ceipsalvadorninot\/wp-json\/wp\/v2\/categories"}],"about":[{"href":"https:\/\/agora.xtec.cat\/ceipsalvadorninot\/wp-json\/wp\/v2\/taxonomies\/category"}],"wp:post_type":[{"href":"https:\/\/agora.xtec.cat\/ceipsalvadorninot\/wp-json\/wp\/v2\/posts?categories=101"}],"curies":[{"name":"wp","href":"https:\/\/api.w.org\/{rel}","templated":true}]}}