{"id":100,"count":1,"description":"Durant els cursos 2021-2024, l'escola ha format part de \"La Xarxa\".\r\n\r\nL'equip impulsor estava format per un grup de docents del centre, entre els quals es destaquen dos coordinadors que reben una formaci\u00f3 espec\u00edfica mensualment.\r\n\r\nAquest grup de docents reflexionen i actuen en equip per transformar l\u2019escola en un espai que afavoreixi l\u2019aprenentatge.\r\n\r\n<strong>Qu\u00e8 es fa des de \"La Xarxa\"?<\/strong>\r\n<ul>\r\n \t<li>Promoure la creaci\u00f3 d\u2019espais pedag\u00f2gics en el si dels centres per apoderar els equips docents.<\/li>\r\n \t<li>Fomentar l\u2019intercanvi d\u2019experi\u00e8ncies i la creaci\u00f3 de sabers compartits.<\/li>\r\n \t<li>Compartir un modalitat de formaci\u00f3 docent entre iguals i en xarxa, per millorar els aprenentatges de l\u2019alumnat.<\/li>\r\n<\/ul>\r\n<strong>Per qu\u00e8?<\/strong>\r\n<ul>\r\n \t<li>Perqu\u00e8 es vol afavorir que tots els alumnes aprenguin m\u00e9s i millor.<\/li>\r\n \t<li>Perqu\u00e8 l\u2019alumne\/a ha de ser el protagonista del seu aprenentatge.<\/li>\r\n \t<li>Perqu\u00e8 s'ha d'entendre l\u2019avaluaci\u00f3 com un proc\u00e9s \u00fatil per aprendre.<\/li>\r\n \t<li>Perqu\u00e8 treballant en equip s\u2019apr\u00e8n m\u00e9s i millor.<\/li>\r\n \t<li>Perqu\u00e8, en un m\u00f3n global, s\u2019ha d\u2019afavorir l\u2019adquisici\u00f3 d\u2019aprenentatges aut\u00e8ntics i no fragmentats.<\/li>\r\n \t<li><span style=\"font-size: 16px;\">Perqu\u00e8, en un m\u00f3n canviant, s'ha de fomentar la iniciativa, l\u2019esperit cr\u00edtic, la creativitat i el gust per aprendre.<\/span><\/li>\r\n \t<li><span style=\"font-size: 16px;\">Perqu\u00e8 l'alumnat ha de ser competent per continuar aprenent al llarg de tota la vida.<\/span><\/li>\r\n \t<li><span style=\"font-size: 16px;\">Perqu\u00e8 cada alumne\/a \u00e9s \u00fanic i hi ha altes expectatives per a tots i cadascun d\u2019ells.<\/span><\/li>\r\n<\/ul>\r\nPodreu trobar m\u00e9s informaci\u00f3 al seg\u00fcent l'enlla\u00e7:\r\n\r\n<a href=\"https:\/\/projectes.xtec.cat\/xarxacb\/\">Xarxa de Compet\u00e8ncies B\u00e0siques<\/a>","link":"https:\/\/agora.xtec.cat\/ceipsalvadorninot\/categoria\/xcb\/","name":"\"La Xarxa\"","slug":"xcb","taxonomy":"category","parent":0,"meta":[],"_links":{"self":[{"href":"https:\/\/agora.xtec.cat\/ceipsalvadorninot\/wp-json\/wp\/v2\/categories\/100","targetHints":{"allow":["GET"]}}],"collection":[{"href":"https:\/\/agora.xtec.cat\/ceipsalvadorninot\/wp-json\/wp\/v2\/categories"}],"about":[{"href":"https:\/\/agora.xtec.cat\/ceipsalvadorninot\/wp-json\/wp\/v2\/taxonomies\/category"}],"wp:post_type":[{"href":"https:\/\/agora.xtec.cat\/ceipsalvadorninot\/wp-json\/wp\/v2\/posts?categories=100"}],"curies":[{"name":"wp","href":"https:\/\/api.w.org\/{rel}","templated":true}]}}