{"id":10219,"date":"2023-12-12T13:39:23","date_gmt":"2023-12-12T12:39:23","guid":{"rendered":"https:\/\/agora.xtec.cat\/ceipsaforcanera\/?p=10219"},"modified":"2023-12-12T13:39:23","modified_gmt":"2023-12-12T12:39:23","slug":"el-treball-que-hem-anat-fent-els-pirates","status":"publish","type":"post","link":"https:\/\/agora.xtec.cat\/ceipsaforcanera\/general\/el-treball-que-hem-anat-fent-els-pirates\/","title":{"rendered":"El treball que hem anat fent els pirates"},"content":{"rendered":"<p><span style=\"font-weight: 400\">Acabem l&#8217;any i els darrers pirates faran els 4 anys!<\/span><\/p>\n<p><span style=\"font-weight: 400\">Durant aquests tres primers mesos d&#8217;escola hem anat fent molta feina.<\/span><\/p>\n<p><span style=\"font-weight: 400\">Amb el treball diari de les <\/span><i><span style=\"font-weight: 400\">rutines<\/span><\/i><span style=\"font-weight: 400\"> hem continuat el treball que vam iniciar el curs passat:<\/span><\/p>\n<p><span style=\"font-weight: 400\">*Els noms. Identifiquem el nostre i el d&#8217;altres companys\/es: Ara ja no ens ajuden les fotos, llegim les lletres!<\/span><\/p>\n<p><span style=\"font-weight: 400\">*Els n\u00fameros. Comptem quants nens no han arribat a l&#8217;escola i tamb\u00e9 comptem els que hem arribat! Tamb\u00e9 identifiquem i relacionem amb la seva quantitat alguns n\u00fameros: 1, 2, 3, 4, 5 &#8230; Tamb\u00e9 ho fem amb el nombre de dies que t\u00e9 una setmana!<\/span><\/p>\n<p><span style=\"font-weight: 400\">*Observem el temps i el representem dibuixant-lo al calendari &#8230;<\/span><\/p>\n<p><span style=\"font-weight: 400\">I fem converses sobre molts i diferents temes!<\/span><\/p>\n<p><span style=\"font-weight: 400\">Amb els <\/span><i><span style=\"font-weight: 400\">racons <\/span><\/i><span style=\"font-weight: 400\">hem treballat continguts de matem\u00e0tiques, tra\u00e7, llengua i tamb\u00e9 a cada roda hem fet un rac\u00f3 sorpresa!<\/span><\/p>\n<p><span style=\"font-weight: 400\">-Jugant amb mosaics o fent seriacions hem treballat la identificaci\u00f3 de colors i hem reprodu\u00eft patrons i tamb\u00e9 hem ampliat el treball d&#8217;algunes formes geom\u00e8triques.<\/span><\/p>\n<p><span style=\"font-weight: 400\">-Fent construccions i muntant puzles hem treballat la l\u00f2gica i la situaci\u00f3 en l&#8217;espai.<\/span><\/p>\n<p><span style=\"font-weight: 400\">-El tra\u00e7 de lletres i n\u00fameros ens ha ajudat per continuar treballant la motricitat fina \u2026<\/span><\/p>\n<p><span style=\"font-weight: 400\">I tamb\u00e9 treballem la consci\u00e8ncia fonol\u00f2gica per treballar la llengua.\u00a0<\/span><\/p>\n<p><span style=\"font-weight: 400\">I durant aquest temps tamb\u00e9 hem pintat, ballat, cantat, jugat a joc simb\u00f2lic, hem apr\u00e8s una mica m\u00e9s d&#8217;angl\u00e8s i moltes coses m\u00e9s!<\/span><\/p>\n<p><span style=\"font-weight: 400\">Aqui podreu veure imatges d\u2019algunes activitats del qu\u00e8 han anat fent i aprenent .<\/span><\/p>\n<p>&nbsp;<\/p>\n<p><a href=\"https:\/\/photos.app.goo.gl\/Jve9s4rBGUo4Ljny5\"><span style=\"font-weight: 400\">Pirates I4A<\/span><\/a><\/p>\n<p><a href=\"https:\/\/photos.app.goo.gl\/NE7ssgWVSZZunNwR6\"><span style=\"font-weight: 400\">Pirates I4B<\/span><\/a><\/p>\n<p>&nbsp;<\/p>\n","protected":false},"excerpt":{"rendered":"<p>Acabem l&#8217;any i els darrers pirates faran els 4 anys! Durant aquests tres primers mesos d&#8217;escola hem anat fent molta feina. Amb el treball diari de les rutines hem continuat el treball que vam iniciar el curs passat: *Els noms. Identifiquem el nostre i el d&#8217;altres companys\/es: Ara ja no ens ajuden les fotos, llegim [&hellip;]<\/p>\n","protected":false},"author":1,"featured_media":10220,"comment_status":"open","ping_status":"closed","sticky":false,"template":"","format":"standard","meta":{"_bbp_topic_count":0,"_bbp_reply_count":0,"_bbp_total_topic_count":0,"_bbp_total_reply_count":0,"_bbp_voice_count":0,"_bbp_anonymous_reply_count":0,"_bbp_topic_count_hidden":0,"_bbp_reply_count_hidden":0,"_bbp_forum_subforum_count":0,"site-sidebar-layout":"default","site-content-layout":"","ast-site-content-layout":"","site-content-style":"default","site-sidebar-style":"default","ast-global-header-display":"","ast-banner-title-visibility":"","ast-main-header-display":"","ast-hfb-above-header-display":"","ast-hfb-below-header-display":"","ast-hfb-mobile-header-display":"","site-post-title":"","ast-breadcrumbs-content":"","ast-featured-img":"","footer-sml-layout":"","theme-transparent-header-meta":"","adv-header-id-meta":"","stick-header-meta":"","header-above-stick-meta":"","header-main-stick-meta":"","header-below-stick-meta":"","astra-migrate-meta-layouts":"default","ast-page-background-enabled":"default","ast-page-background-meta":{"desktop":{"background-color":"var(--ast-global-color-4)","background-image":"","background-repeat":"repeat","background-position":"center center","background-size":"auto","background-attachment":"scroll","background-type":"","background-media":"","overlay-type":"","overlay-color":"","overlay-opacity":"","overlay-gradient":""},"tablet":{"background-color":"","background-image":"","background-repeat":"repeat","background-position":"center center","background-size":"auto","background-attachment":"scroll","background-type":"","background-media":"","overlay-type":"","overlay-color":"","overlay-opacity":"","overlay-gradient":""},"mobile":{"background-color":"","background-image":"","background-repeat":"repeat","background-position":"center center","background-size":"auto","background-attachment":"scroll","background-type":"","background-media":"","overlay-type":"","overlay-color":"","overlay-opacity":"","overlay-gradient":""}},"ast-content-background-meta":{"desktop":{"background-color":"var(--ast-global-color-5)","background-image":"","background-repeat":"repeat","background-position":"center center","background-size":"auto","background-attachment":"scroll","background-type":"","background-media":"","overlay-type":"","overlay-color":"","overlay-opacity":"","overlay-gradient":""},"tablet":{"background-color":"var(--ast-global-color-5)","background-image":"","background-repeat":"repeat","background-position":"center center","background-size":"auto","background-attachment":"scroll","background-type":"","background-media":"","overlay-type":"","overlay-color":"","overlay-opacity":"","overlay-gradient":""},"mobile":{"background-color":"var(--ast-global-color-5)","background-image":"","background-repeat":"repeat","background-position":"center center","background-size":"auto","background-attachment":"scroll","background-type":"","background-media":"","overlay-type":"","overlay-color":"","overlay-opacity":"","overlay-gradient":""}},"footnotes":""},"categories":[1,2,8,4],"tags":[],"class_list":["post-10219","post","type-post","status-publish","format-standard","has-post-thumbnail","hentry","category-general","category-infantil","category-p4","category-portada"],"post_mailing_queue_ids":[],"_links":{"self":[{"href":"https:\/\/agora.xtec.cat\/ceipsaforcanera\/wp-json\/wp\/v2\/posts\/10219","targetHints":{"allow":["GET"]}}],"collection":[{"href":"https:\/\/agora.xtec.cat\/ceipsaforcanera\/wp-json\/wp\/v2\/posts"}],"about":[{"href":"https:\/\/agora.xtec.cat\/ceipsaforcanera\/wp-json\/wp\/v2\/types\/post"}],"author":[{"embeddable":true,"href":"https:\/\/agora.xtec.cat\/ceipsaforcanera\/wp-json\/wp\/v2\/users\/1"}],"replies":[{"embeddable":true,"href":"https:\/\/agora.xtec.cat\/ceipsaforcanera\/wp-json\/wp\/v2\/comments?post=10219"}],"version-history":[{"count":1,"href":"https:\/\/agora.xtec.cat\/ceipsaforcanera\/wp-json\/wp\/v2\/posts\/10219\/revisions"}],"predecessor-version":[{"id":10221,"href":"https:\/\/agora.xtec.cat\/ceipsaforcanera\/wp-json\/wp\/v2\/posts\/10219\/revisions\/10221"}],"wp:featuredmedia":[{"embeddable":true,"href":"https:\/\/agora.xtec.cat\/ceipsaforcanera\/wp-json\/wp\/v2\/media\/10220"}],"wp:attachment":[{"href":"https:\/\/agora.xtec.cat\/ceipsaforcanera\/wp-json\/wp\/v2\/media?parent=10219"}],"wp:term":[{"taxonomy":"category","embeddable":true,"href":"https:\/\/agora.xtec.cat\/ceipsaforcanera\/wp-json\/wp\/v2\/categories?post=10219"},{"taxonomy":"post_tag","embeddable":true,"href":"https:\/\/agora.xtec.cat\/ceipsaforcanera\/wp-json\/wp\/v2\/tags?post=10219"}],"curies":[{"name":"wp","href":"https:\/\/api.w.org\/{rel}","templated":true}]}}