{"id":9979,"date":"2023-02-21T15:37:13","date_gmt":"2023-02-21T14:37:13","guid":{"rendered":"https:\/\/agora.xtec.cat\/ceipsab\/?p=9979"},"modified":"2023-02-21T15:38:41","modified_gmt":"2023-02-21T14:38:41","slug":"el-carnestoltes-i4","status":"publish","type":"post","link":"https:\/\/agora.xtec.cat\/ceipsab\/educacio-infantil\/p5\/general\/el-carnestoltes-i4\/","title":{"rendered":"EL CARNESTOLTES I4"},"content":{"rendered":"<p>Hola fam\u00edlies!<\/p>\n<p>La setmana passada va ser ben especial i divertida perqu\u00e8 manava la Reina Carnestoltes i cada dia ha sigut una consigna i una broma diferent. Abans de tot vam fer el nostre antifa\u00e7 ben maco per rebre la Reina Carnestoltes i escoltar el seu preg\u00f3. Despr\u00e9s cada dia hem fet cas de les seves consignes ben extravagants i una broma a la classe ens hem trobat. Per finalitzar el divendres va ser la gran festa: al mat\u00ed xocolata i a la tarda disfressats hem fet un gran ball.<\/p>\n<p>Cliqueu a la foto per no perdre-us la diversi\u00f3!<\/p>\n<p>I4A<\/p>\n<p><a href=\"https:\/\/photos.app.goo.gl\/69HouWn98RzcnwRL7\"><img loading=\"lazy\" decoding=\"async\" class=\"alignnone size-medium wp-image-9980\" src=\"https:\/\/agora.xtec.cat\/ceipsab\/wp-content\/uploads\/usu1011\/2023\/02\/CARNES-300x187.jpg\" alt=\"\" width=\"300\" height=\"187\" srcset=\"https:\/\/agora.xtec.cat\/ceipsab\/wp-content\/uploads\/usu1011\/2023\/02\/CARNES-300x187.jpg 300w, https:\/\/agora.xtec.cat\/ceipsab\/wp-content\/uploads\/usu1011\/2023\/02\/CARNES.jpg 670w\" sizes=\"auto, (max-width: 300px) 100vw, 300px\" \/><\/a><\/p>\n<p>&nbsp;<\/p>\n<p>I4B<\/p>\n<p><a href=\"https:\/\/photos.app.goo.gl\/prVq8uDQv7uostsM9\"><img loading=\"lazy\" decoding=\"async\" class=\"alignnone size-medium wp-image-9981\" src=\"https:\/\/agora.xtec.cat\/ceipsab\/wp-content\/uploads\/usu1011\/2023\/02\/CARNES2-300x85.jpg\" alt=\"\" width=\"300\" height=\"85\" srcset=\"https:\/\/agora.xtec.cat\/ceipsab\/wp-content\/uploads\/usu1011\/2023\/02\/CARNES2-300x85.jpg 300w, https:\/\/agora.xtec.cat\/ceipsab\/wp-content\/uploads\/usu1011\/2023\/02\/CARNES2-1024x290.jpg 1024w, https:\/\/agora.xtec.cat\/ceipsab\/wp-content\/uploads\/usu1011\/2023\/02\/CARNES2-768x217.jpg 768w, https:\/\/agora.xtec.cat\/ceipsab\/wp-content\/uploads\/usu1011\/2023\/02\/CARNES2.jpg 1039w\" sizes=\"auto, (max-width: 300px) 100vw, 300px\" \/><\/a><\/p>\n<p>&nbsp;<\/p>\n","protected":false},"excerpt":{"rendered":"<p>Hola fam\u00edlies!<br \/>\nLa setmana passada va ser ben especial i divertida perqu\u00e8 manava la Reina Carnestoltes i cada dia ha sigut una consigna i una broma diferent. Abans de tot vam fer el nostre antifa\u00e7 ben maco per rebre la Reina Carnestoltes i escoltar el seu&hellip;  <a href=\"https:\/\/agora.xtec.cat\/ceipsab\/educacio-infantil\/p5\/general\/el-carnestoltes-i4\/\" title=\"Read EL CARNESTOLTES I4\">Llegeix m\u00e9s\u00bb<\/a><\/p>\n","protected":false},"author":7,"featured_media":9980,"comment_status":"open","ping_status":"closed","sticky":false,"template":"","format":"standard","meta":{"_bbp_topic_count":0,"_bbp_reply_count":0,"_bbp_total_topic_count":0,"_bbp_total_reply_count":0,"_bbp_voice_count":0,"_bbp_anonymous_reply_count":0,"_bbp_topic_count_hidden":0,"_bbp_reply_count_hidden":0,"_bbp_forum_subforum_count":0,"footnotes":""},"categories":[1,8],"tags":[336,393,168,57,212,337],"class_list":["post-9979","post","type-post","status-publish","format-standard","has-post-thumbnail","hentry","category-general","category-p4","tag-ball","tag-broma","tag-carnaval","tag-carnestoltes","tag-disfressa","tag-festa"],"post_mailing_queue_ids":[],"_links":{"self":[{"href":"https:\/\/agora.xtec.cat\/ceipsab\/wp-json\/wp\/v2\/posts\/9979","targetHints":{"allow":["GET"]}}],"collection":[{"href":"https:\/\/agora.xtec.cat\/ceipsab\/wp-json\/wp\/v2\/posts"}],"about":[{"href":"https:\/\/agora.xtec.cat\/ceipsab\/wp-json\/wp\/v2\/types\/post"}],"author":[{"embeddable":true,"href":"https:\/\/agora.xtec.cat\/ceipsab\/wp-json\/wp\/v2\/users\/7"}],"replies":[{"embeddable":true,"href":"https:\/\/agora.xtec.cat\/ceipsab\/wp-json\/wp\/v2\/comments?post=9979"}],"version-history":[{"count":2,"href":"https:\/\/agora.xtec.cat\/ceipsab\/wp-json\/wp\/v2\/posts\/9979\/revisions"}],"predecessor-version":[{"id":9983,"href":"https:\/\/agora.xtec.cat\/ceipsab\/wp-json\/wp\/v2\/posts\/9979\/revisions\/9983"}],"wp:featuredmedia":[{"embeddable":true,"href":"https:\/\/agora.xtec.cat\/ceipsab\/wp-json\/wp\/v2\/media\/9980"}],"wp:attachment":[{"href":"https:\/\/agora.xtec.cat\/ceipsab\/wp-json\/wp\/v2\/media?parent=9979"}],"wp:term":[{"taxonomy":"category","embeddable":true,"href":"https:\/\/agora.xtec.cat\/ceipsab\/wp-json\/wp\/v2\/categories?post=9979"},{"taxonomy":"post_tag","embeddable":true,"href":"https:\/\/agora.xtec.cat\/ceipsab\/wp-json\/wp\/v2\/tags?post=9979"}],"curies":[{"name":"wp","href":"https:\/\/api.w.org\/{rel}","templated":true}]}}