{"id":9944,"date":"2023-02-15T15:22:43","date_gmt":"2023-02-15T14:22:43","guid":{"rendered":"https:\/\/agora.xtec.cat\/ceipsab\/?p=9944"},"modified":"2023-02-15T15:22:43","modified_gmt":"2023-02-15T14:22:43","slug":"taller-de-tuba-2","status":"publish","type":"post","link":"https:\/\/agora.xtec.cat\/ceipsab\/primaria\/cicle-mitja\/3r\/taller-de-tuba-2\/","title":{"rendered":"TALLER DE TUBA"},"content":{"rendered":"<p><span style=\"font-size: medium;\">Hola fam\u00edlies, el divendres 27 de gener vam fer el taller de tuba. <\/span><\/p>\n<p><span style=\"font-size: medium;\">El Toni ens va ensenyar els avantpassats de la tuba: instruments de la natura i d\u2019animals ( pal de pluja, banya de toro, cargols de mar&#8230;).<\/span><\/p>\n<p><span style=\"font-size: medium;\">Tamb\u00e9 ens va dir com podem fer una tuba a casa. Necessitem: una m\u00e0nega, un embut i un broquet. <\/span><\/p>\n<p><span style=\"font-size: medium;\">Ens va tocar amb la tuba la can\u00e7\u00f3 de Tit\u00e0nic, la dels Pirates del Carib i moltes m\u00e9s. <\/span><span style=\"font-size: medium;\">Ens ho vam passar molt b\u00e9. Va ser molt divertit.<\/span><\/p>\n<p><span style=\"font-size: medium;\">Ara ja sabem quines s\u00f3n les parts de la tuba: el broquet, els pistons, la campana i el cos de la tuba. <\/span><\/p>\n<p><span style=\"font-size: medium;\">Aqu\u00ed teniu les fotos del taller de la tuba.<\/span><\/p>\n<p><a href=\"https:\/\/photos.app.goo.gl\/YJwKVS15B2Absu1r7\"><img loading=\"lazy\" decoding=\"async\" class=\"wp-image-9945 aligncenter\" src=\"https:\/\/agora.xtec.cat\/ceipsab\/wp-content\/uploads\/usu1011\/2023\/02\/tuba.jpg\" alt=\"\" width=\"214\" height=\"302\" srcset=\"https:\/\/agora.xtec.cat\/ceipsab\/wp-content\/uploads\/usu1011\/2023\/02\/tuba.jpg 252w, https:\/\/agora.xtec.cat\/ceipsab\/wp-content\/uploads\/usu1011\/2023\/02\/tuba-212x300.jpg 212w\" sizes=\"auto, (max-width: 214px) 100vw, 214px\" \/><\/a><\/p>\n","protected":false},"excerpt":{"rendered":"<p>Hola fam\u00edlies, el divendres 27 de gener vam fer el taller de tuba.<br \/>\nEl Toni ens va ensenyar els avantpassats de la tuba: instruments de la natura i d\u2019animals ( pal de pluja, banya de toro, cargols de mar&#8230;).<br \/>\nTamb\u00e9 ens va dir com podem fer&hellip;  <a href=\"https:\/\/agora.xtec.cat\/ceipsab\/primaria\/cicle-mitja\/3r\/taller-de-tuba-2\/\" title=\"Read TALLER DE TUBA\">Llegeix m\u00e9s\u00bb<\/a><\/p>\n","protected":false},"author":1,"featured_media":0,"comment_status":"closed","ping_status":"closed","sticky":false,"template":"","format":"standard","meta":{"_bbp_topic_count":0,"_bbp_reply_count":0,"_bbp_total_topic_count":0,"_bbp_total_reply_count":0,"_bbp_voice_count":0,"_bbp_anonymous_reply_count":0,"_bbp_topic_count_hidden":0,"_bbp_reply_count_hidden":0,"_bbp_forum_subforum_count":0,"footnotes":""},"categories":[12,358],"tags":[135,104,175],"class_list":["post-9944","post","type-post","status-publish","format-standard","hentry","category-3r","category-musica","tag-3r","tag-ciclemitja","tag-musica"],"post_mailing_queue_ids":[],"_links":{"self":[{"href":"https:\/\/agora.xtec.cat\/ceipsab\/wp-json\/wp\/v2\/posts\/9944","targetHints":{"allow":["GET"]}}],"collection":[{"href":"https:\/\/agora.xtec.cat\/ceipsab\/wp-json\/wp\/v2\/posts"}],"about":[{"href":"https:\/\/agora.xtec.cat\/ceipsab\/wp-json\/wp\/v2\/types\/post"}],"author":[{"embeddable":true,"href":"https:\/\/agora.xtec.cat\/ceipsab\/wp-json\/wp\/v2\/users\/1"}],"replies":[{"embeddable":true,"href":"https:\/\/agora.xtec.cat\/ceipsab\/wp-json\/wp\/v2\/comments?post=9944"}],"version-history":[{"count":1,"href":"https:\/\/agora.xtec.cat\/ceipsab\/wp-json\/wp\/v2\/posts\/9944\/revisions"}],"predecessor-version":[{"id":9946,"href":"https:\/\/agora.xtec.cat\/ceipsab\/wp-json\/wp\/v2\/posts\/9944\/revisions\/9946"}],"wp:attachment":[{"href":"https:\/\/agora.xtec.cat\/ceipsab\/wp-json\/wp\/v2\/media?parent=9944"}],"wp:term":[{"taxonomy":"category","embeddable":true,"href":"https:\/\/agora.xtec.cat\/ceipsab\/wp-json\/wp\/v2\/categories?post=9944"},{"taxonomy":"post_tag","embeddable":true,"href":"https:\/\/agora.xtec.cat\/ceipsab\/wp-json\/wp\/v2\/tags?post=9944"}],"curies":[{"name":"wp","href":"https:\/\/api.w.org\/{rel}","templated":true}]}}