{"id":9942,"date":"2023-03-31T16:37:55","date_gmt":"2023-03-31T14:37:55","guid":{"rendered":"https:\/\/agora.xtec.cat\/ceipsab\/?p=9942"},"modified":"2023-03-31T12:48:37","modified_gmt":"2023-03-31T10:48:37","slug":"visitem-el-moli-paperer","status":"publish","type":"post","link":"https:\/\/agora.xtec.cat\/ceipsab\/primaria\/cicle-mitja\/4t\/visitem-el-moli-paperer\/","title":{"rendered":"Visitem el Mol\u00ed Paperer!"},"content":{"rendered":"<p>Bona tarda fam\u00edlies,<\/p>\n<p>El passat 3 de novembre vam anar al Museu Mol\u00ed Paperer, a Capellades. All\u00e0 vam descobrir tot el proc\u00e9s que es realitzava per fer el paper i vam fer paper amb les nostres mans.<\/p>\n<p>Ens ho vam passar molt b\u00e9!<\/p>\n<p>Si cliqueu a la imatge, podreu veure les fotos!<\/p>\n<p><a href=\"https:\/\/photos.app.goo.gl\/7CQNUdNn79VEvHsE6\"><img loading=\"lazy\" decoding=\"async\" class=\"\" src=\"http:\/\/infoanoia.cat\/wp-content\/uploads\/2017\/11\/capellades-1.jpg\" alt=\"El Museu Mol\u00ed Paperer de Capellades recupera els tallers de fabricaci\u00f3 de  paper d'espart - Infoanoia\" width=\"415\" height=\"275\" \/><\/a><\/p>\n<p>Atentament,<\/p>\n<p>Els i les alumnes de 4t<\/p>\n","protected":false},"excerpt":{"rendered":"<p>Bona tarda fam\u00edlies,<br \/>\nEl passat 3 de novembre vam anar al Museu Mol\u00ed Paperer, a Capellades. All\u00e0 vam descobrir tot el proc\u00e9s que es realitzava per fer el paper i vam fer paper amb les nostres mans.<br \/>\nEns ho vam passar molt b\u00e9!<br \/>\nSi cliqueu a la imatge,&hellip;  <a href=\"https:\/\/agora.xtec.cat\/ceipsab\/primaria\/cicle-mitja\/4t\/visitem-el-moli-paperer\/\" title=\"Read Visitem el Mol\u00ed Paperer!\">Llegeix m\u00e9s\u00bb<\/a><\/p>\n","protected":false},"author":1,"featured_media":0,"comment_status":"closed","ping_status":"closed","sticky":false,"template":"","format":"standard","meta":{"_bbp_topic_count":0,"_bbp_reply_count":0,"_bbp_total_topic_count":0,"_bbp_total_reply_count":0,"_bbp_voice_count":0,"_bbp_anonymous_reply_count":0,"_bbp_topic_count_hidden":0,"_bbp_reply_count_hidden":0,"_bbp_forum_subforum_count":0,"footnotes":""},"categories":[13,64],"tags":[96,104],"class_list":["post-9942","post","type-post","status-publish","format-standard","hentry","category-4t","category-cicle-mitja","tag-4t","tag-ciclemitja"],"post_mailing_queue_ids":[],"_links":{"self":[{"href":"https:\/\/agora.xtec.cat\/ceipsab\/wp-json\/wp\/v2\/posts\/9942","targetHints":{"allow":["GET"]}}],"collection":[{"href":"https:\/\/agora.xtec.cat\/ceipsab\/wp-json\/wp\/v2\/posts"}],"about":[{"href":"https:\/\/agora.xtec.cat\/ceipsab\/wp-json\/wp\/v2\/types\/post"}],"author":[{"embeddable":true,"href":"https:\/\/agora.xtec.cat\/ceipsab\/wp-json\/wp\/v2\/users\/1"}],"replies":[{"embeddable":true,"href":"https:\/\/agora.xtec.cat\/ceipsab\/wp-json\/wp\/v2\/comments?post=9942"}],"version-history":[{"count":2,"href":"https:\/\/agora.xtec.cat\/ceipsab\/wp-json\/wp\/v2\/posts\/9942\/revisions"}],"predecessor-version":[{"id":10216,"href":"https:\/\/agora.xtec.cat\/ceipsab\/wp-json\/wp\/v2\/posts\/9942\/revisions\/10216"}],"wp:attachment":[{"href":"https:\/\/agora.xtec.cat\/ceipsab\/wp-json\/wp\/v2\/media?parent=9942"}],"wp:term":[{"taxonomy":"category","embeddable":true,"href":"https:\/\/agora.xtec.cat\/ceipsab\/wp-json\/wp\/v2\/categories?post=9942"},{"taxonomy":"post_tag","embeddable":true,"href":"https:\/\/agora.xtec.cat\/ceipsab\/wp-json\/wp\/v2\/tags?post=9942"}],"curies":[{"name":"wp","href":"https:\/\/api.w.org\/{rel}","templated":true}]}}