{"id":9910,"date":"2023-02-09T13:41:15","date_gmt":"2023-02-09T12:41:15","guid":{"rendered":"https:\/\/agora.xtec.cat\/ceipsab\/?p=9910"},"modified":"2023-08-30T17:08:27","modified_gmt":"2023-08-30T15:08:27","slug":"portes-obertes-4","status":"publish","type":"post","link":"https:\/\/agora.xtec.cat\/ceipsab\/portada\/portes-obertes-4\/","title":{"rendered":"PORTES OBERTES"},"content":{"rendered":"<p>Benvolgudes fam\u00edlies,<\/p>\n<p>Si esteu interessats en con\u00e8ixer la nostra escola, us esperem el dilluns 27 de febrer a les 17h.<\/p>\n<p>Tamb\u00e9 ens podeu visitar el dijous 23 de febrer dintre de l&#8217;horari lectiu amb cita pr\u00e8via en aquest enlla\u00e7 : <a href=\"https:\/\/aplicacions.gestioeducativa.gencat.cat\/pls\/apex\/f?p=CITA_PREVIA:4::::4:P4_TIPUS_CALENDARI,P4_DOMINI:01_JPO_O,08060848\">CALENDARI PORTES OBERTES .\u00a0<\/a><\/p>\n<p>Per qualsevol dubte o informaci\u00f3 podeu posar-vos en contacte a trav\u00e9s de:<\/p>\n<ul>\n<li>Correu:<a href=\"mailto:escolasantandreudelabarca@esab.cat\"> escolasantandreudelabarca@esab.cat<\/a><\/li>\n<li>Telf: 93 682 83 44<\/li>\n<\/ul>\n<p>&nbsp;<\/p>\n","protected":false},"excerpt":{"rendered":"<p>Benvolgudes fam\u00edlies,<br \/>\nSi esteu interessats en con\u00e8ixer la nostra escola, us esperem el dilluns 27 de febrer a les 17h.<br \/>\nTamb\u00e9 ens podeu visitar el dijous 23 de febrer dintre de l&#8217;horari lectiu amb cita pr\u00e8via en aquest enlla\u00e7 : <a href=\"https:\/\/aplicacions.gestioeducativa.gencat.cat\/pls\/apex\/f?p=CITA_PREVIA:4::::4:P4_TIPUS_CALENDARI,P4_DOMINI:01_JPO_O,08060848\">CALENDARI PORTES OBERTES .\u00a0<\/a><br \/>\nPer qualsevol dubte&hellip;  <a href=\"https:\/\/agora.xtec.cat\/ceipsab\/portada\/portes-obertes-4\/\" title=\"Read PORTES OBERTES\">Llegeix m\u00e9s\u00bb<\/a><\/p>\n","protected":false},"author":3,"featured_media":2340,"comment_status":"open","ping_status":"closed","sticky":false,"template":"","format":"standard","meta":{"_bbp_topic_count":0,"_bbp_reply_count":0,"_bbp_total_topic_count":0,"_bbp_total_reply_count":0,"_bbp_voice_count":0,"_bbp_anonymous_reply_count":0,"_bbp_topic_count_hidden":0,"_bbp_reply_count_hidden":0,"_bbp_forum_subforum_count":0,"footnotes":""},"categories":[4],"tags":[],"class_list":["post-9910","post","type-post","status-publish","format-standard","has-post-thumbnail","hentry","category-portada"],"post_mailing_queue_ids":[],"_links":{"self":[{"href":"https:\/\/agora.xtec.cat\/ceipsab\/wp-json\/wp\/v2\/posts\/9910","targetHints":{"allow":["GET"]}}],"collection":[{"href":"https:\/\/agora.xtec.cat\/ceipsab\/wp-json\/wp\/v2\/posts"}],"about":[{"href":"https:\/\/agora.xtec.cat\/ceipsab\/wp-json\/wp\/v2\/types\/post"}],"author":[{"embeddable":true,"href":"https:\/\/agora.xtec.cat\/ceipsab\/wp-json\/wp\/v2\/users\/3"}],"replies":[{"embeddable":true,"href":"https:\/\/agora.xtec.cat\/ceipsab\/wp-json\/wp\/v2\/comments?post=9910"}],"version-history":[{"count":3,"href":"https:\/\/agora.xtec.cat\/ceipsab\/wp-json\/wp\/v2\/posts\/9910\/revisions"}],"predecessor-version":[{"id":9913,"href":"https:\/\/agora.xtec.cat\/ceipsab\/wp-json\/wp\/v2\/posts\/9910\/revisions\/9913"}],"wp:featuredmedia":[{"embeddable":true,"href":"https:\/\/agora.xtec.cat\/ceipsab\/wp-json\/wp\/v2\/media\/2340"}],"wp:attachment":[{"href":"https:\/\/agora.xtec.cat\/ceipsab\/wp-json\/wp\/v2\/media?parent=9910"}],"wp:term":[{"taxonomy":"category","embeddable":true,"href":"https:\/\/agora.xtec.cat\/ceipsab\/wp-json\/wp\/v2\/categories?post=9910"},{"taxonomy":"post_tag","embeddable":true,"href":"https:\/\/agora.xtec.cat\/ceipsab\/wp-json\/wp\/v2\/tags?post=9910"}],"curies":[{"name":"wp","href":"https:\/\/api.w.org\/{rel}","templated":true}]}}