{"id":9886,"date":"2023-02-03T11:01:51","date_gmt":"2023-02-03T10:01:51","guid":{"rendered":"https:\/\/agora.xtec.cat\/ceipsab\/?p=9886"},"modified":"2023-02-03T11:01:51","modified_gmt":"2023-02-03T10:01:51","slug":"i5-sortida-al-lab-0-6","status":"publish","type":"post","link":"https:\/\/agora.xtec.cat\/ceipsab\/educacio-infantil\/p5\/i5-sortida-al-lab-0-6\/","title":{"rendered":"I5 SORTIDA AL LAB 0-6"},"content":{"rendered":"<p>Hola fam\u00edlies!<\/p>\n<p>Ahir els nens i nenes d&#8217;I5 vam anar d&#8217;excursi\u00f3 al Lab 0-6 de Manresa!<\/p>\n<p>All\u00e0 vam aprendre moltes coses sobre el nostre planeta, la Terra i tamb\u00e9 vam fer molts experiments dins del laboratori! Ens va agradar molt\u00edssim!<\/p>\n<p>Ens voleu veure?<\/p>\n<p><a href=\"https:\/\/photos.app.goo.gl\/KHygv3sZrzaTCXL97\"><img loading=\"lazy\" decoding=\"async\" class=\"\" src=\"https:\/\/lh3.googleusercontent.com\/aVGAB0GtAPb7jp7YVvyzkiPW4_4lGq9_epHolw_Lg_ml5lQjdSLIseDD2LHNfKKdS4rlb_LtGGEmJxTEVEggb_uu3syFTWml_OBO99yHHmSY1uj5bdl0FntSC_7AEYwOpJdXHHIS_UkBtD73_HrEhFmf0YHrObKEUdy5swBHDB6SSKXKfGup-7YaX-dxJwCVhNsK1G21pwiVyJQ9i1SwYPAruPjUHEmOqhpwhVkCuGRPWQioFpzGi0lmW4Uqb3VjKcTBM1WRqPsVT3UY2hARqbeXVyvRFI79xQZkxx_tX4XhMqh2F96rY1O5eePAqO-DJJJE3Y4jEpun0CSGd20_VU76tcnz-bOgUX_N9ggVF2PDyDXKGhfEVVJUWcEsKlDCzACdcwzfkEqUx1SWrRxvKliT6293ZsA7KjMQ1alTp4Xsj9bIgtX7RbMiDLig6FFu9rH_K7QpqJAZ8QiL7I0qMcm96IlIKahcOEel9GVHWZjAz5fvkrHSuO-s9kyLA_EacE-vFBrnese1oH8PCZ1udI34GxyJMACiPKSgxzRKo-AccstGs8ZIvbNot8NI6dCCQRfLR2CPCC6Ex_Txfl3t04loHBuacIe-Bp6TskAyraSxQIbTLSa1nwQY9VL_qjQJXjgNgMNwZNYFhPS44SR31JPgx1jZ5tzUvRXwV-mGhPZEvG2O3-FNYr7Y3zjYEoEBGSHZHsJ6xclz2QHHvv0TishO9eYxt41fZ7-tjyDa-QJF79AhKNkQ7Q4_FTm7mH4BB07u4xTia_4lDb36Dl-5F1WHqaclw70cHHvT8zzc4JzmLbxWKJJwYAvYxn8UHVk4E1HtmCU9k18C1PtehukFkCNkLBzA9QAoI2tGgK_oDGWAPNPkq4UbTUIWOg75eEQefk7_sax_dHYNAvQVi1d-cVYZfh9Rg6IQSgWCYmt4CJhaQr_51-z_xYi8u_Nvbvr3tFGlw5On2M7MlJQ57w=w1052-h789-no?authuser=1\" width=\"407\" height=\"305\" \/><\/a><\/p>\n","protected":false},"excerpt":{"rendered":"<p>Hola fam\u00edlies!<br \/>\nAhir els nens i nenes d&#8217;I5 vam anar d&#8217;excursi\u00f3 al Lab 0-6 de Manresa!<br \/>\nAll\u00e0 vam aprendre moltes coses sobre el nostre planeta, la Terra i tamb\u00e9 vam fer molts experiments dins del laboratori! Ens va agradar molt\u00edssim!<br \/>\nEns voleu veure?<br \/>\n<a href=\"https:\/\/photos.app.goo.gl\/KHygv3sZrzaTCXL97\"><\/a><\/p>\n","protected":false},"author":1,"featured_media":0,"comment_status":"open","ping_status":"closed","sticky":false,"template":"","format":"standard","meta":{"_bbp_topic_count":0,"_bbp_reply_count":0,"_bbp_total_topic_count":0,"_bbp_total_reply_count":0,"_bbp_voice_count":0,"_bbp_anonymous_reply_count":0,"_bbp_topic_count_hidden":0,"_bbp_reply_count_hidden":0,"_bbp_forum_subforum_count":0,"footnotes":""},"categories":[62,9],"tags":[],"class_list":["post-9886","post","type-post","status-publish","format-standard","hentry","category-educacio-infantil","category-p5"],"post_mailing_queue_ids":[],"_links":{"self":[{"href":"https:\/\/agora.xtec.cat\/ceipsab\/wp-json\/wp\/v2\/posts\/9886","targetHints":{"allow":["GET"]}}],"collection":[{"href":"https:\/\/agora.xtec.cat\/ceipsab\/wp-json\/wp\/v2\/posts"}],"about":[{"href":"https:\/\/agora.xtec.cat\/ceipsab\/wp-json\/wp\/v2\/types\/post"}],"author":[{"embeddable":true,"href":"https:\/\/agora.xtec.cat\/ceipsab\/wp-json\/wp\/v2\/users\/1"}],"replies":[{"embeddable":true,"href":"https:\/\/agora.xtec.cat\/ceipsab\/wp-json\/wp\/v2\/comments?post=9886"}],"version-history":[{"count":1,"href":"https:\/\/agora.xtec.cat\/ceipsab\/wp-json\/wp\/v2\/posts\/9886\/revisions"}],"predecessor-version":[{"id":9887,"href":"https:\/\/agora.xtec.cat\/ceipsab\/wp-json\/wp\/v2\/posts\/9886\/revisions\/9887"}],"wp:attachment":[{"href":"https:\/\/agora.xtec.cat\/ceipsab\/wp-json\/wp\/v2\/media?parent=9886"}],"wp:term":[{"taxonomy":"category","embeddable":true,"href":"https:\/\/agora.xtec.cat\/ceipsab\/wp-json\/wp\/v2\/categories?post=9886"},{"taxonomy":"post_tag","embeddable":true,"href":"https:\/\/agora.xtec.cat\/ceipsab\/wp-json\/wp\/v2\/tags?post=9886"}],"curies":[{"name":"wp","href":"https:\/\/api.w.org\/{rel}","templated":true}]}}