{"id":9824,"date":"2023-01-11T23:05:42","date_gmt":"2023-01-11T22:05:42","guid":{"rendered":"https:\/\/agora.xtec.cat\/ceipsab\/?p=9824"},"modified":"2023-01-11T23:05:42","modified_gmt":"2023-01-11T22:05:42","slug":"sortida-lab-0-6-i4","status":"publish","type":"post","link":"https:\/\/agora.xtec.cat\/ceipsab\/educacio-infantil\/p4\/sortida-lab-0-6-i4\/","title":{"rendered":"SORTIDA LAB 0-6  I4"},"content":{"rendered":"<p>Hola fam\u00edlies!<\/p>\n<p>Avui dimecres 11 de gener els infants d&#8217;I4 vam anar d&#8217;excursi\u00f3 al LAB O-6. \u00c9s un espai perfecte per investigar i experimentar. Tot jugant hem apr\u00e8s i descobert moltes coses interessants i al mateix temps ens ho hem passat genial.<\/p>\n<p>Si ens voleu veure cliqueu a la foto.<\/p>\n<p><a href=\"https:\/\/photos.app.goo.gl\/oBBcXn1xpQSGvzJ9A\"><img loading=\"lazy\" decoding=\"async\" class=\"alignnone size-medium wp-image-9825\" src=\"https:\/\/agora.xtec.cat\/ceipsab\/wp-content\/uploads\/usu1011\/2023\/01\/LAB-300x183.jpg\" alt=\"\" width=\"300\" height=\"183\" srcset=\"https:\/\/agora.xtec.cat\/ceipsab\/wp-content\/uploads\/usu1011\/2023\/01\/LAB-300x183.jpg 300w, https:\/\/agora.xtec.cat\/ceipsab\/wp-content\/uploads\/usu1011\/2023\/01\/LAB-768x469.jpg 768w, https:\/\/agora.xtec.cat\/ceipsab\/wp-content\/uploads\/usu1011\/2023\/01\/LAB.jpg 847w\" sizes=\"auto, (max-width: 300px) 100vw, 300px\" \/><\/a><\/p>\n","protected":false},"excerpt":{"rendered":"<p>Hola fam\u00edlies!<br \/>\nAvui dimecres 11 de gener els infants d&#8217;I4 vam anar d&#8217;excursi\u00f3 al LAB O-6. \u00c9s un espai perfecte per investigar i experimentar. Tot jugant hem apr\u00e8s i descobert moltes coses interessants i al mateix temps ens ho hem passat genial.<br \/>\nSi ens voleu veure cliqueu&hellip;  <a href=\"https:\/\/agora.xtec.cat\/ceipsab\/educacio-infantil\/p4\/sortida-lab-0-6-i4\/\" title=\"Read SORTIDA LAB 0-6  I4\">Llegeix m\u00e9s\u00bb<\/a><\/p>\n","protected":false},"author":7,"featured_media":9825,"comment_status":"open","ping_status":"closed","sticky":false,"template":"","format":"standard","meta":{"_bbp_topic_count":0,"_bbp_reply_count":0,"_bbp_total_topic_count":0,"_bbp_total_reply_count":0,"_bbp_voice_count":0,"_bbp_anonymous_reply_count":0,"_bbp_topic_count_hidden":0,"_bbp_reply_count_hidden":0,"_bbp_forum_subforum_count":0,"footnotes":""},"categories":[62,8],"tags":[389,378,390,195],"class_list":["post-9824","post","type-post","status-publish","format-standard","has-post-thumbnail","hentry","category-educacio-infantil","category-p4","tag-expe","tag-i4","tag-lab-0-6","tag-sortida"],"post_mailing_queue_ids":[],"_links":{"self":[{"href":"https:\/\/agora.xtec.cat\/ceipsab\/wp-json\/wp\/v2\/posts\/9824","targetHints":{"allow":["GET"]}}],"collection":[{"href":"https:\/\/agora.xtec.cat\/ceipsab\/wp-json\/wp\/v2\/posts"}],"about":[{"href":"https:\/\/agora.xtec.cat\/ceipsab\/wp-json\/wp\/v2\/types\/post"}],"author":[{"embeddable":true,"href":"https:\/\/agora.xtec.cat\/ceipsab\/wp-json\/wp\/v2\/users\/7"}],"replies":[{"embeddable":true,"href":"https:\/\/agora.xtec.cat\/ceipsab\/wp-json\/wp\/v2\/comments?post=9824"}],"version-history":[{"count":1,"href":"https:\/\/agora.xtec.cat\/ceipsab\/wp-json\/wp\/v2\/posts\/9824\/revisions"}],"predecessor-version":[{"id":9826,"href":"https:\/\/agora.xtec.cat\/ceipsab\/wp-json\/wp\/v2\/posts\/9824\/revisions\/9826"}],"wp:featuredmedia":[{"embeddable":true,"href":"https:\/\/agora.xtec.cat\/ceipsab\/wp-json\/wp\/v2\/media\/9825"}],"wp:attachment":[{"href":"https:\/\/agora.xtec.cat\/ceipsab\/wp-json\/wp\/v2\/media?parent=9824"}],"wp:term":[{"taxonomy":"category","embeddable":true,"href":"https:\/\/agora.xtec.cat\/ceipsab\/wp-json\/wp\/v2\/categories?post=9824"},{"taxonomy":"post_tag","embeddable":true,"href":"https:\/\/agora.xtec.cat\/ceipsab\/wp-json\/wp\/v2\/tags?post=9824"}],"curies":[{"name":"wp","href":"https:\/\/api.w.org\/{rel}","templated":true}]}}