{"id":9758,"date":"2022-12-21T13:20:42","date_gmt":"2022-12-21T12:20:42","guid":{"rendered":"https:\/\/agora.xtec.cat\/ceipsab\/?p=9758"},"modified":"2022-12-21T13:21:22","modified_gmt":"2022-12-21T12:21:22","slug":"poemes-a-les-aules-educacio-infantil","status":"publish","type":"post","link":"https:\/\/agora.xtec.cat\/ceipsab\/educacio-infantil\/p3\/poemes-a-les-aules-educacio-infantil\/","title":{"rendered":"POEMES A LES AULES EDUCACI\u00d3 INFANTIL"},"content":{"rendered":"<p>Hola fam\u00edlies!<\/p>\n<p>Els infants d&#8217;educaci\u00f3 infantil estem fets uns artistes i hem preparat amb molta il\u00b7lusi\u00f3 uns poemes de Nadal. Per si us vau perdre la nostra gran actuaci\u00f3, cliqueu a continuaci\u00f3 per veure el recital de cada classe.<\/p>\n<p><iframe loading=\"lazy\" title=\"I3A\" width=\"500\" height=\"281\" src=\"https:\/\/www.youtube.com\/embed\/gVm1g9snYdA?feature=oembed\" frameborder=\"0\" allow=\"accelerometer; autoplay; clipboard-write; encrypted-media; gyroscope; picture-in-picture; web-share\" referrerpolicy=\"strict-origin-when-cross-origin\" allowfullscreen><\/iframe><\/p>\n<p>&nbsp;<\/p>\n<p>&nbsp;<\/p>\n<p><iframe loading=\"lazy\" title=\"I3B\" width=\"500\" height=\"281\" src=\"https:\/\/www.youtube.com\/embed\/A_lWJ-NYVps?feature=oembed\" frameborder=\"0\" allow=\"accelerometer; autoplay; clipboard-write; encrypted-media; gyroscope; picture-in-picture; web-share\" referrerpolicy=\"strict-origin-when-cross-origin\" allowfullscreen><\/iframe><\/p>\n<p><iframe loading=\"lazy\" title=\"I4A\" width=\"500\" height=\"281\" src=\"https:\/\/www.youtube.com\/embed\/2dJe4CGhlAE?feature=oembed\" frameborder=\"0\" allow=\"accelerometer; autoplay; clipboard-write; encrypted-media; gyroscope; picture-in-picture; web-share\" referrerpolicy=\"strict-origin-when-cross-origin\" allowfullscreen><\/iframe><\/p>\n<p><iframe loading=\"lazy\" title=\"I4B\" width=\"500\" height=\"281\" src=\"https:\/\/www.youtube.com\/embed\/YACw2GK27Xc?feature=oembed\" frameborder=\"0\" allow=\"accelerometer; autoplay; clipboard-write; encrypted-media; gyroscope; picture-in-picture; web-share\" referrerpolicy=\"strict-origin-when-cross-origin\" allowfullscreen><\/iframe><\/p>\n<p><iframe loading=\"lazy\" title=\"I5A\" width=\"500\" height=\"281\" src=\"https:\/\/www.youtube.com\/embed\/SKoLbZP6tQY?feature=oembed\" frameborder=\"0\" allow=\"accelerometer; autoplay; clipboard-write; encrypted-media; gyroscope; picture-in-picture; web-share\" referrerpolicy=\"strict-origin-when-cross-origin\" allowfullscreen><\/iframe><\/p>\n<p><iframe loading=\"lazy\" title=\"I5B\" width=\"500\" height=\"281\" src=\"https:\/\/www.youtube.com\/embed\/uNz125lEPks?feature=oembed\" frameborder=\"0\" allow=\"accelerometer; autoplay; clipboard-write; encrypted-media; gyroscope; picture-in-picture; web-share\" referrerpolicy=\"strict-origin-when-cross-origin\" allowfullscreen><\/iframe><\/p>\n","protected":false},"excerpt":{"rendered":"<p>Hola fam\u00edlies!<br \/>\nEls infants d&#8217;educaci\u00f3 infantil estem fets uns artistes i hem preparat amb molta il\u00b7lusi\u00f3 uns poemes de Nadal. Per si us vau perdre la nostra gran actuaci\u00f3, cliqueu a continuaci\u00f3 per veure el recital de cada classe.<\/p>\n<p>&nbsp;<br \/>\n&nbsp;<\/p>\n","protected":false},"author":7,"featured_media":9759,"comment_status":"open","ping_status":"closed","sticky":false,"template":"","format":"standard","meta":{"_bbp_topic_count":0,"_bbp_reply_count":0,"_bbp_total_topic_count":0,"_bbp_total_reply_count":0,"_bbp_voice_count":0,"_bbp_anonymous_reply_count":0,"_bbp_topic_count_hidden":0,"_bbp_reply_count_hidden":0,"_bbp_forum_subforum_count":0,"footnotes":""},"categories":[62,3,8,9,4],"tags":[192,359,378,385,279,111,383,384],"class_list":["post-9758","post","type-post","status-publish","format-standard","has-post-thumbnail","hentry","category-educacio-infantil","category-p3","category-p4","category-p5","category-portada","tag-educacio-infantil","tag-i3","tag-i4","tag-i5","tag-llengua","tag-nadal","tag-poemes","tag-recital"],"post_mailing_queue_ids":[],"_links":{"self":[{"href":"https:\/\/agora.xtec.cat\/ceipsab\/wp-json\/wp\/v2\/posts\/9758","targetHints":{"allow":["GET"]}}],"collection":[{"href":"https:\/\/agora.xtec.cat\/ceipsab\/wp-json\/wp\/v2\/posts"}],"about":[{"href":"https:\/\/agora.xtec.cat\/ceipsab\/wp-json\/wp\/v2\/types\/post"}],"author":[{"embeddable":true,"href":"https:\/\/agora.xtec.cat\/ceipsab\/wp-json\/wp\/v2\/users\/7"}],"replies":[{"embeddable":true,"href":"https:\/\/agora.xtec.cat\/ceipsab\/wp-json\/wp\/v2\/comments?post=9758"}],"version-history":[{"count":3,"href":"https:\/\/agora.xtec.cat\/ceipsab\/wp-json\/wp\/v2\/posts\/9758\/revisions"}],"predecessor-version":[{"id":9782,"href":"https:\/\/agora.xtec.cat\/ceipsab\/wp-json\/wp\/v2\/posts\/9758\/revisions\/9782"}],"wp:featuredmedia":[{"embeddable":true,"href":"https:\/\/agora.xtec.cat\/ceipsab\/wp-json\/wp\/v2\/media\/9759"}],"wp:attachment":[{"href":"https:\/\/agora.xtec.cat\/ceipsab\/wp-json\/wp\/v2\/media?parent=9758"}],"wp:term":[{"taxonomy":"category","embeddable":true,"href":"https:\/\/agora.xtec.cat\/ceipsab\/wp-json\/wp\/v2\/categories?post=9758"},{"taxonomy":"post_tag","embeddable":true,"href":"https:\/\/agora.xtec.cat\/ceipsab\/wp-json\/wp\/v2\/tags?post=9758"}],"curies":[{"name":"wp","href":"https:\/\/api.w.org\/{rel}","templated":true}]}}