{"id":9728,"date":"2022-12-21T13:16:26","date_gmt":"2022-12-21T12:16:26","guid":{"rendered":"https:\/\/agora.xtec.cat\/ceipsab\/?p=9728"},"modified":"2022-12-21T13:16:26","modified_gmt":"2022-12-21T12:16:26","slug":"celebrem-el-nadal-a-lescola-tio-i-patge-i4","status":"publish","type":"post","link":"https:\/\/agora.xtec.cat\/ceipsab\/educacio-infantil\/p4\/celebrem-el-nadal-a-lescola-tio-i-patge-i4\/","title":{"rendered":"CELEBREM EL NADAL A L&#8217;ESCOLA: TI\u00d3 I PATGE I4"},"content":{"rendered":"<p>Hola fam\u00edlies!<br \/>\nAvui ha sigut l&#8217;\u00faltim dia del trimestre. Ha sigut un dia ben complet:\u00a0 hem fet cagar el ti\u00f3 i hem donat la nostra carta al Patge Reial. Quin \u00faltim dia m\u00e9s ple d&#8217;emocions. Ens veien l&#8217;any que ve amb noves aventures.<\/p>\n<p>Cliqueu a la foto per veure com hem gaudit avui.<\/p>\n<p>I4A<\/p>\n<p><a href=\"https:\/\/photos.app.goo.gl\/xuG5bpHUbxjq8R8s8\"><img loading=\"lazy\" decoding=\"async\" class=\"alignnone size-medium wp-image-9730\" src=\"https:\/\/agora.xtec.cat\/ceipsab\/wp-content\/uploads\/usu1011\/2022\/12\/PATGE-300x277.jpg\" alt=\"\" width=\"300\" height=\"277\" srcset=\"https:\/\/agora.xtec.cat\/ceipsab\/wp-content\/uploads\/usu1011\/2022\/12\/PATGE-300x277.jpg 300w, https:\/\/agora.xtec.cat\/ceipsab\/wp-content\/uploads\/usu1011\/2022\/12\/PATGE.jpg 613w\" sizes=\"auto, (max-width: 300px) 100vw, 300px\" \/><\/a><\/p>\n<p>&nbsp;<\/p>\n<p>I4B<\/p>\n<p><a href=\"https:\/\/photos.app.goo.gl\/jb5MYUW46SPRw7xm7\"><img loading=\"lazy\" decoding=\"async\" class=\"alignnone wp-image-9729 size-medium\" src=\"https:\/\/agora.xtec.cat\/ceipsab\/wp-content\/uploads\/usu1011\/2022\/12\/TIO-300x270.jpg\" alt=\"\" width=\"300\" height=\"270\" srcset=\"https:\/\/agora.xtec.cat\/ceipsab\/wp-content\/uploads\/usu1011\/2022\/12\/TIO-300x270.jpg 300w, https:\/\/agora.xtec.cat\/ceipsab\/wp-content\/uploads\/usu1011\/2022\/12\/TIO.jpg 447w\" sizes=\"auto, (max-width: 300px) 100vw, 300px\" \/><\/a><\/p>\n","protected":false},"excerpt":{"rendered":"<p>Hola fam\u00edlies!<br \/>\nAvui ha sigut l&#8217;\u00faltim dia del trimestre. Ha sigut un dia ben complet:\u00a0 hem fet cagar el ti\u00f3 i hem donat la nostra carta al Patge Reial. Quin \u00faltim dia m\u00e9s ple d&#8217;emocions. Ens veien l&#8217;any que ve amb noves aventures.<br \/>\nCliqueu a la foto&hellip;  <a href=\"https:\/\/agora.xtec.cat\/ceipsab\/educacio-infantil\/p4\/celebrem-el-nadal-a-lescola-tio-i-patge-i4\/\" title=\"Read CELEBREM EL NADAL A L&#8217;ESCOLA: TI\u00d3 I PATGE I4\">Llegeix m\u00e9s\u00bb<\/a><\/p>\n","protected":false},"author":7,"featured_media":9729,"comment_status":"open","ping_status":"closed","sticky":false,"template":"","format":"standard","meta":{"_bbp_topic_count":0,"_bbp_reply_count":0,"_bbp_total_topic_count":0,"_bbp_total_reply_count":0,"_bbp_voice_count":0,"_bbp_anonymous_reply_count":0,"_bbp_topic_count_hidden":0,"_bbp_reply_count_hidden":0,"_bbp_forum_subforum_count":0,"footnotes":""},"categories":[62,8],"tags":[120,378,111,191],"class_list":["post-9728","post","type-post","status-publish","format-standard","has-post-thumbnail","hentry","category-educacio-infantil","category-p4","tag-cagatio","tag-i4","tag-nadal","tag-p4"],"post_mailing_queue_ids":[],"_links":{"self":[{"href":"https:\/\/agora.xtec.cat\/ceipsab\/wp-json\/wp\/v2\/posts\/9728","targetHints":{"allow":["GET"]}}],"collection":[{"href":"https:\/\/agora.xtec.cat\/ceipsab\/wp-json\/wp\/v2\/posts"}],"about":[{"href":"https:\/\/agora.xtec.cat\/ceipsab\/wp-json\/wp\/v2\/types\/post"}],"author":[{"embeddable":true,"href":"https:\/\/agora.xtec.cat\/ceipsab\/wp-json\/wp\/v2\/users\/7"}],"replies":[{"embeddable":true,"href":"https:\/\/agora.xtec.cat\/ceipsab\/wp-json\/wp\/v2\/comments?post=9728"}],"version-history":[{"count":3,"href":"https:\/\/agora.xtec.cat\/ceipsab\/wp-json\/wp\/v2\/posts\/9728\/revisions"}],"predecessor-version":[{"id":9780,"href":"https:\/\/agora.xtec.cat\/ceipsab\/wp-json\/wp\/v2\/posts\/9728\/revisions\/9780"}],"wp:featuredmedia":[{"embeddable":true,"href":"https:\/\/agora.xtec.cat\/ceipsab\/wp-json\/wp\/v2\/media\/9729"}],"wp:attachment":[{"href":"https:\/\/agora.xtec.cat\/ceipsab\/wp-json\/wp\/v2\/media?parent=9728"}],"wp:term":[{"taxonomy":"category","embeddable":true,"href":"https:\/\/agora.xtec.cat\/ceipsab\/wp-json\/wp\/v2\/categories?post=9728"},{"taxonomy":"post_tag","embeddable":true,"href":"https:\/\/agora.xtec.cat\/ceipsab\/wp-json\/wp\/v2\/tags?post=9728"}],"curies":[{"name":"wp","href":"https:\/\/api.w.org\/{rel}","templated":true}]}}