{"id":9696,"date":"2022-12-02T15:53:08","date_gmt":"2022-12-02T14:53:08","guid":{"rendered":"https:\/\/agora.xtec.cat\/ceipsab\/?p=9696"},"modified":"2022-12-02T15:53:08","modified_gmt":"2022-12-02T14:53:08","slug":"padrins-lectors-4","status":"publish","type":"post","link":"https:\/\/agora.xtec.cat\/ceipsab\/educacio-infantil\/p5\/padrins-lectors-4\/","title":{"rendered":"PADRINS LECTORS"},"content":{"rendered":"<p>Hola fam\u00edlies!<\/p>\n<p>Durant aquest trimestre els nens i nenes de 5\u00e8 i d&#8217;I5 estem fent l&#8217;activitat de padrins lectors. \u00c9s una estoneta molt agradable de lectura amb els m\u00e9s grans! \u00e7<\/p>\n<p>Vam comen\u00e7ar l&#8217;activitat fent un petit joc de coneixen\u00e7a. A partir d&#8217;aqu\u00ed cada divendres al mat\u00ed fem jocs de lectura i tamb\u00e9 llegim contes. Ens ho passem molt b\u00e9!<\/p>\n<p>Ens voleu veure?<\/p>\n<p>I5A\/5\u00e8B<\/p>\n<p><a href=\"https:\/\/photos.app.goo.gl\/VrMXkaGxv5Un3DUm6\"><img loading=\"lazy\" decoding=\"async\" class=\"\" src=\"https:\/\/lh3.googleusercontent.com\/AMbAEUHmskyxAT0gPWDU_ZYfuHOaJoVPpqyp9w4Sc2Yn2rPq0-iEyUs62XH6TTfuetopXNyiZ7oCRRKidIbzc4-TRa6RgjJjme0AGC0AXNug8C6UB857adRegUu4dfj64pnsHauWDeE2CmgOdH6XsR4Z9DdRJLuo2RdMoHdumXbf7ZNmMUqj7FhvsP5ovEl8jM0L7YyVa6f6xf00w2j26V_PlxOX_UImEnf0zZnXo-pzUtTwiUBmm4l0KKfJc4RaJRXreKgehgnF_M-BkShxJfKgaapKgCCfDrwl8gDcLQ6C-UBnYV9UT_8LvyaT490dPxSuzO9Tg9e3pSr-xSbNKpP5xO1cD4oGhMzneR51a8B_PeM1JgRm-H6Q5TL9VG3wM53-6kiMiR9j3F19nm5M5CL9JgacYdk-taXRAJJ8cF5QA_3AQdzijbWHishIpqtg6IIBKN9iVbJbgjWAXxO7JScMA0vVffRl-XY7XTB0STlvb5dn4eOHaHWSJSHrg8qdM_7uksY1u09Obbt46WfuQZ0ytOp1rQrKABDFmnYijFvF1749LP56QePXvCs8GXyWSwqzy6VerASFeqv6OPaTKtpZo61xURammBqytGMG-tgft64RQReV4nf9l8EfjngwRWjB0BPX-mqPfuE2cAXpqz9KtRdBiIp6AtTdeGrFMu0tVpUBwF7wiOTEvz186qHeYSj6JWVt2b9-cLOfuVVpV8ty6BG8ysdJFR-lO4giKa7N06AW8Y3I7eF3d6c7nx3u-v_9rTERIjvAyzxkOdSsfyUMgRGZl6S9E6dD6CmCL3W5xdteHUeKaK_s1pSBvV6P6oJ6JQH0LrzdnEegvcp5vHhS2AEj07dMMKEJsOd7Pav1v7Nmusi6w3G3P8qlsu_SRNpS7u6DhY4RIulcHlXjAiyamx1zU-PCOdNF6HJ0d_jibLuyWmuwcI7PiW50MBMoDv5Twb7I0YrPseyWthQo=w1104-h828-no?authuser=1\" width=\"328\" height=\"246\" \/><\/a><\/p>\n<p>I5B\/5\u00e8A<\/p>\n<p><a href=\"https:\/\/photos.app.goo.gl\/dFLGEnYW477q3Y7XA\"><img loading=\"lazy\" decoding=\"async\" class=\"\" src=\"https:\/\/lh3.googleusercontent.com\/dEq3T2vGYNr3zPGZt-Q7Tai5xYHCSJOlsguT3JgZHUkd4iZOKaxxyEv17RF7mdGkauiXnVpWoHUHTtKHX0bggOm0wFArQdS5V4kVI7jLbBEM8LwhYI8MmKXpWysooSxAOzu2Uy1BPLTTvRMmI_Znh5kaHa_FDRNpEG2D40W0WwN4UmDwyOk0SHNZh97uc7HIVyazX2Dvzo8mKEPL7N7LCYHj2-Ez-Zdm6J3BrpQaasioPb0EVVT4bjzojCOlu8UdCQ_9eXKFzMojbIL-7CFwID-0aKtuPK6xYh7xN0Y8NgYvTg-zYvhsxvbxCysFCq8_BSYJdvjJMhvQJKw6PyBG_POIH1kvAnlGtUfwJqXki61wFrxYy7aR3zcIZdVqkgFmW2-p_6CvOgpqkK4T-7CPLfePjt4QZQBYADRX83AReyiYn9yBOCL1UABfxFc6ciEPdpT4SpBY28eCXoOtVKdcdPuLe3YeXgdai1UIPMpdKS_C_ejbBKoSKrlWwYREgkTzC3s6ds5R7DzfQeR702tOFxTpUYkfBW6H3K3jDLmxj9vqurSGNQadh2yqvfI6RJvqRfwPIQWc_YV_BD339vfamDxoUHriR-gzkDi1fDUxA5NlsI_2Mn77V5A3V2DwY6T7G74BXv9BaJaMzO1Z4sSfZ5-C0JFK2B4P8b9sCt2gpS27QfvjC-7ge3PVoNWFUQU_I8lY5cUXp4AvJ_Zn8X2mhUcI3gYHeDUxFQzi-FqtQYg0wN_4sv72VFqps4a-lCqh2O1H712k0xo4qPvDodi7ucyueVYQhN1SIrWushCkjHz9FSJqGHSlUKLylGMLpFm8hzfBmSHJ_zjbnQfyB-E5aYTvqpLvjWNZaOjoWeCGvWEfrA3w0Qd8Nk-LFB_74t8rEfHK-kdVN54eXkcVeQURw_oTfTq9e9ijyZ5TFO1jim-_TqegZ6njhhldlGJfI563Uvp8clS0mId-M4ZWkZJq=w1218-h914-no?authuser=1\" width=\"343\" height=\"257\" \/><\/a><\/p>\n","protected":false},"excerpt":{"rendered":"<p>Hola fam\u00edlies!<br \/>\nDurant aquest trimestre els nens i nenes de 5\u00e8 i d&#8217;I5 estem fent l&#8217;activitat de padrins lectors. \u00c9s una estoneta molt agradable de lectura amb els m\u00e9s grans! \u00e7<br \/>\nVam comen\u00e7ar l&#8217;activitat fent un petit joc de coneixen\u00e7a. A partir d&#8217;aqu\u00ed cada divendres al mat\u00ed&hellip;  <a href=\"https:\/\/agora.xtec.cat\/ceipsab\/educacio-infantil\/p5\/padrins-lectors-4\/\" title=\"Read PADRINS LECTORS\">Llegeix m\u00e9s\u00bb<\/a><\/p>\n","protected":false},"author":1,"featured_media":0,"comment_status":"open","ping_status":"closed","sticky":false,"template":"","format":"standard","meta":{"_bbp_topic_count":0,"_bbp_reply_count":0,"_bbp_total_topic_count":0,"_bbp_total_reply_count":0,"_bbp_voice_count":0,"_bbp_anonymous_reply_count":0,"_bbp_topic_count_hidden":0,"_bbp_reply_count_hidden":0,"_bbp_forum_subforum_count":0,"footnotes":""},"categories":[14,62,9],"tags":[],"class_list":["post-9696","post","type-post","status-publish","format-standard","hentry","category-5e","category-educacio-infantil","category-p5"],"post_mailing_queue_ids":[],"_links":{"self":[{"href":"https:\/\/agora.xtec.cat\/ceipsab\/wp-json\/wp\/v2\/posts\/9696","targetHints":{"allow":["GET"]}}],"collection":[{"href":"https:\/\/agora.xtec.cat\/ceipsab\/wp-json\/wp\/v2\/posts"}],"about":[{"href":"https:\/\/agora.xtec.cat\/ceipsab\/wp-json\/wp\/v2\/types\/post"}],"author":[{"embeddable":true,"href":"https:\/\/agora.xtec.cat\/ceipsab\/wp-json\/wp\/v2\/users\/1"}],"replies":[{"embeddable":true,"href":"https:\/\/agora.xtec.cat\/ceipsab\/wp-json\/wp\/v2\/comments?post=9696"}],"version-history":[{"count":1,"href":"https:\/\/agora.xtec.cat\/ceipsab\/wp-json\/wp\/v2\/posts\/9696\/revisions"}],"predecessor-version":[{"id":9697,"href":"https:\/\/agora.xtec.cat\/ceipsab\/wp-json\/wp\/v2\/posts\/9696\/revisions\/9697"}],"wp:attachment":[{"href":"https:\/\/agora.xtec.cat\/ceipsab\/wp-json\/wp\/v2\/media?parent=9696"}],"wp:term":[{"taxonomy":"category","embeddable":true,"href":"https:\/\/agora.xtec.cat\/ceipsab\/wp-json\/wp\/v2\/categories?post=9696"},{"taxonomy":"post_tag","embeddable":true,"href":"https:\/\/agora.xtec.cat\/ceipsab\/wp-json\/wp\/v2\/tags?post=9696"}],"curies":[{"name":"wp","href":"https:\/\/api.w.org\/{rel}","templated":true}]}}