{"id":9662,"date":"2022-11-24T13:42:56","date_gmt":"2022-11-24T12:42:56","guid":{"rendered":"https:\/\/agora.xtec.cat\/ceipsab\/?p=9662"},"modified":"2022-11-24T13:42:56","modified_gmt":"2022-11-24T12:42:56","slug":"i3-ja-tenim-les-mascotes-a-lescola","status":"publish","type":"post","link":"https:\/\/agora.xtec.cat\/ceipsab\/educacio-infantil\/p3\/i3-ja-tenim-les-mascotes-a-lescola\/","title":{"rendered":"I3 JA TENIM LES MASCOTES A L&#8217;ESCOLA"},"content":{"rendered":"<p><span style=\"font-weight: 400\">Fam\u00edlies fa uns dies que vam rebre una nota a la classe. Era de part d\u2019un dels personatges del nom de la classe. <\/span><\/p>\n<p><span style=\"font-weight: 400\">A la nota ens deien que estaven a l\u2019escola per\u00f2 que els hav\u00edem de trobar, aix\u00f2 si, ens van deixar unes pistes en forma de petjades. <\/span><\/p>\n<p><span style=\"font-weight: 400\">Han vingut per quedar-se amb nosaltres i ens acompanyaran tot el curs. <\/span><\/p>\n<p><span style=\"font-weight: 400\">Estem molt contents de tenir al Buzz Lightyear i al Chaise a les classes i segurament que ens aniran donant moltes sorpreses que us anirem explicant!<\/span><\/p>\n<p><a href=\"https:\/\/photos.app.goo.gl\/97u58LrgaA9PwNNx6\"><img loading=\"lazy\" decoding=\"async\" class=\"alignnone wp-image-9663\" src=\"https:\/\/agora.xtec.cat\/ceipsab\/wp-content\/uploads\/usu1011\/2022\/11\/MASCOTA-1024x900.jpg\" alt=\"\" width=\"284\" height=\"250\" srcset=\"https:\/\/agora.xtec.cat\/ceipsab\/wp-content\/uploads\/usu1011\/2022\/11\/MASCOTA-1024x900.jpg 1024w, https:\/\/agora.xtec.cat\/ceipsab\/wp-content\/uploads\/usu1011\/2022\/11\/MASCOTA-300x264.jpg 300w, https:\/\/agora.xtec.cat\/ceipsab\/wp-content\/uploads\/usu1011\/2022\/11\/MASCOTA-768x675.jpg 768w, https:\/\/agora.xtec.cat\/ceipsab\/wp-content\/uploads\/usu1011\/2022\/11\/MASCOTA-1536x1350.jpg 1536w, https:\/\/agora.xtec.cat\/ceipsab\/wp-content\/uploads\/usu1011\/2022\/11\/MASCOTA-2048x1800.jpg 2048w\" sizes=\"auto, (max-width: 284px) 100vw, 284px\" \/><\/a><\/p>\n","protected":false},"excerpt":{"rendered":"<p>Fam\u00edlies fa uns dies que vam rebre una nota a la classe. Era de part d\u2019un dels personatges del nom de la classe.<br \/>\nA la nota ens deien que estaven a l\u2019escola per\u00f2 que els hav\u00edem de trobar, aix\u00f2 si, ens van deixar unes pistes&hellip;  <a href=\"https:\/\/agora.xtec.cat\/ceipsab\/educacio-infantil\/p3\/i3-ja-tenim-les-mascotes-a-lescola\/\" title=\"Read I3 JA TENIM LES MASCOTES A L&#8217;ESCOLA\">Llegeix m\u00e9s\u00bb<\/a><\/p>\n","protected":false},"author":48,"featured_media":9663,"comment_status":"open","ping_status":"closed","sticky":false,"template":"","format":"standard","meta":{"_bbp_topic_count":0,"_bbp_reply_count":0,"_bbp_total_topic_count":0,"_bbp_total_reply_count":0,"_bbp_voice_count":0,"_bbp_anonymous_reply_count":0,"_bbp_topic_count_hidden":0,"_bbp_reply_count_hidden":0,"_bbp_forum_subforum_count":0,"footnotes":""},"categories":[62,3],"tags":[],"class_list":["post-9662","post","type-post","status-publish","format-standard","has-post-thumbnail","hentry","category-educacio-infantil","category-p3"],"post_mailing_queue_ids":[],"_links":{"self":[{"href":"https:\/\/agora.xtec.cat\/ceipsab\/wp-json\/wp\/v2\/posts\/9662","targetHints":{"allow":["GET"]}}],"collection":[{"href":"https:\/\/agora.xtec.cat\/ceipsab\/wp-json\/wp\/v2\/posts"}],"about":[{"href":"https:\/\/agora.xtec.cat\/ceipsab\/wp-json\/wp\/v2\/types\/post"}],"author":[{"embeddable":true,"href":"https:\/\/agora.xtec.cat\/ceipsab\/wp-json\/wp\/v2\/users\/48"}],"replies":[{"embeddable":true,"href":"https:\/\/agora.xtec.cat\/ceipsab\/wp-json\/wp\/v2\/comments?post=9662"}],"version-history":[{"count":3,"href":"https:\/\/agora.xtec.cat\/ceipsab\/wp-json\/wp\/v2\/posts\/9662\/revisions"}],"predecessor-version":[{"id":9666,"href":"https:\/\/agora.xtec.cat\/ceipsab\/wp-json\/wp\/v2\/posts\/9662\/revisions\/9666"}],"wp:featuredmedia":[{"embeddable":true,"href":"https:\/\/agora.xtec.cat\/ceipsab\/wp-json\/wp\/v2\/media\/9663"}],"wp:attachment":[{"href":"https:\/\/agora.xtec.cat\/ceipsab\/wp-json\/wp\/v2\/media?parent=9662"}],"wp:term":[{"taxonomy":"category","embeddable":true,"href":"https:\/\/agora.xtec.cat\/ceipsab\/wp-json\/wp\/v2\/categories?post=9662"},{"taxonomy":"post_tag","embeddable":true,"href":"https:\/\/agora.xtec.cat\/ceipsab\/wp-json\/wp\/v2\/tags?post=9662"}],"curies":[{"name":"wp","href":"https:\/\/api.w.org\/{rel}","templated":true}]}}