{"id":9567,"date":"2022-11-15T12:44:19","date_gmt":"2022-11-15T11:44:19","guid":{"rendered":"https:\/\/agora.xtec.cat\/ceipsab\/?p=9567"},"modified":"2022-11-15T12:44:19","modified_gmt":"2022-11-15T11:44:19","slug":"i3-els-colors-de-la-tardor","status":"publish","type":"post","link":"https:\/\/agora.xtec.cat\/ceipsab\/educacio-infantil\/p3\/i3-els-colors-de-la-tardor\/","title":{"rendered":"I3 ELS COLORS DE LA TARDOR"},"content":{"rendered":"<p><span style=\"font-weight: 400\"><a href=\"https:\/\/agora.xtec.cat\/ceipsab\/wp-content\/uploads\/usu1011\/2020\/12\/TARDOR.jpg\"><img loading=\"lazy\" decoding=\"async\" class=\"alignnone wp-image-6835\" src=\"https:\/\/agora.xtec.cat\/ceipsab\/wp-content\/uploads\/usu1011\/2020\/12\/TARDOR.jpg\" alt=\"\" width=\"229\" height=\"112\" srcset=\"https:\/\/agora.xtec.cat\/ceipsab\/wp-content\/uploads\/usu1011\/2020\/12\/TARDOR.jpg 321w, https:\/\/agora.xtec.cat\/ceipsab\/wp-content\/uploads\/usu1011\/2020\/12\/TARDOR-300x147.jpg 300w\" sizes=\"auto, (max-width: 229px) 100vw, 229px\" \/><\/a><\/span><\/p>\n<p><span style=\"font-weight: 400\">Hola fam\u00edlies<\/span><\/p>\n<p><span style=\"font-weight: 400\">\u201cGroc, vermell, taronja i marr\u00f3 s\u00f3n els colors de la tardor\u201d\u00a0<\/span><\/p>\n<p><span style=\"font-weight: 400\">A l\u2019aula hem treballat aquesta dita de la tardor, hem apr\u00e8s quins s\u00f3n els colors caracter\u00edstics d\u2019aquesta estaci\u00f3 i hem aprofitat per fer un joc molt divertit.\u00a0<\/span><\/p>\n<p><span style=\"font-weight: 400\">Per la classe vam buscar objectes d\u2019aquests colors i despr\u00e9s els vam classificar.<\/span><\/p>\n<p><span style=\"font-weight: 400\">Ens voleu veure?<\/span><\/p>\n<p><span style=\"font-weight: 400\">Aqu\u00ed us deixem algunes fotografies.<\/span><\/p>\n<p>&nbsp;<\/p>\n<p>I3 A (cliqueu sobre la foto)<\/p>\n<p><a href=\"https:\/\/photos.app.goo.gl\/i2det9UhtYFaDkAfA\"><img loading=\"lazy\" decoding=\"async\" class=\"alignnone wp-image-9568\" src=\"https:\/\/agora.xtec.cat\/ceipsab\/wp-content\/uploads\/usu1011\/2022\/11\/OK-I3-A-1024x1012.jpeg\" alt=\"\" width=\"156\" height=\"154\" srcset=\"https:\/\/agora.xtec.cat\/ceipsab\/wp-content\/uploads\/usu1011\/2022\/11\/OK-I3-A-1024x1012.jpeg 1024w, https:\/\/agora.xtec.cat\/ceipsab\/wp-content\/uploads\/usu1011\/2022\/11\/OK-I3-A-300x296.jpeg 300w, https:\/\/agora.xtec.cat\/ceipsab\/wp-content\/uploads\/usu1011\/2022\/11\/OK-I3-A-768x759.jpeg 768w, https:\/\/agora.xtec.cat\/ceipsab\/wp-content\/uploads\/usu1011\/2022\/11\/OK-I3-A-1536x1518.jpeg 1536w, https:\/\/agora.xtec.cat\/ceipsab\/wp-content\/uploads\/usu1011\/2022\/11\/OK-I3-A-2048x2024.jpeg 2048w\" sizes=\"auto, (max-width: 156px) 100vw, 156px\" \/><\/a><\/p>\n<p>I3 B (cliqueu sobre la foto)<\/p>\n<p><a href=\"https:\/\/photos.app.goo.gl\/sQaCGc2EkH4fNLhZ8\"><img loading=\"lazy\" decoding=\"async\" class=\"alignnone wp-image-9569\" src=\"https:\/\/agora.xtec.cat\/ceipsab\/wp-content\/uploads\/usu1011\/2022\/11\/OK-I3B-999x1024.jpeg\" alt=\"\" width=\"159\" height=\"163\" srcset=\"https:\/\/agora.xtec.cat\/ceipsab\/wp-content\/uploads\/usu1011\/2022\/11\/OK-I3B-999x1024.jpeg 999w, https:\/\/agora.xtec.cat\/ceipsab\/wp-content\/uploads\/usu1011\/2022\/11\/OK-I3B-293x300.jpeg 293w, https:\/\/agora.xtec.cat\/ceipsab\/wp-content\/uploads\/usu1011\/2022\/11\/OK-I3B-768x787.jpeg 768w, https:\/\/agora.xtec.cat\/ceipsab\/wp-content\/uploads\/usu1011\/2022\/11\/OK-I3B-1499x1536.jpeg 1499w, https:\/\/agora.xtec.cat\/ceipsab\/wp-content\/uploads\/usu1011\/2022\/11\/OK-I3B-1998x2048.jpeg 1998w\" sizes=\"auto, (max-width: 159px) 100vw, 159px\" \/><\/a><\/p>\n","protected":false},"excerpt":{"rendered":"<p><a href=\"https:\/\/agora.xtec.cat\/ceipsab\/wp-content\/uploads\/usu1011\/2020\/12\/TARDOR.jpg\"><\/a><br \/>\nHola fam\u00edlies<br \/>\n\u201cGroc, vermell, taronja i marr\u00f3 s\u00f3n els colors de la tardor\u201d\u00a0<br \/>\nA l\u2019aula hem treballat aquesta dita de la tardor, hem apr\u00e8s quins s\u00f3n els colors caracter\u00edstics d\u2019aquesta estaci\u00f3 i hem aprofitat per fer un joc molt divertit.\u00a0<br \/>\nPer la classe vam buscar objectes d\u2019aquests&hellip;  <a href=\"https:\/\/agora.xtec.cat\/ceipsab\/educacio-infantil\/p3\/i3-els-colors-de-la-tardor\/\" title=\"Read I3 ELS COLORS DE LA TARDOR\">Llegeix m\u00e9s\u00bb<\/a><\/p>\n","protected":false},"author":48,"featured_media":6835,"comment_status":"open","ping_status":"closed","sticky":false,"template":"","format":"standard","meta":{"_bbp_topic_count":0,"_bbp_reply_count":0,"_bbp_total_topic_count":0,"_bbp_total_reply_count":0,"_bbp_voice_count":0,"_bbp_anonymous_reply_count":0,"_bbp_topic_count_hidden":0,"_bbp_reply_count_hidden":0,"_bbp_forum_subforum_count":0,"footnotes":""},"categories":[62,3],"tags":[],"class_list":["post-9567","post","type-post","status-publish","format-standard","has-post-thumbnail","hentry","category-educacio-infantil","category-p3"],"post_mailing_queue_ids":[],"_links":{"self":[{"href":"https:\/\/agora.xtec.cat\/ceipsab\/wp-json\/wp\/v2\/posts\/9567","targetHints":{"allow":["GET"]}}],"collection":[{"href":"https:\/\/agora.xtec.cat\/ceipsab\/wp-json\/wp\/v2\/posts"}],"about":[{"href":"https:\/\/agora.xtec.cat\/ceipsab\/wp-json\/wp\/v2\/types\/post"}],"author":[{"embeddable":true,"href":"https:\/\/agora.xtec.cat\/ceipsab\/wp-json\/wp\/v2\/users\/48"}],"replies":[{"embeddable":true,"href":"https:\/\/agora.xtec.cat\/ceipsab\/wp-json\/wp\/v2\/comments?post=9567"}],"version-history":[{"count":2,"href":"https:\/\/agora.xtec.cat\/ceipsab\/wp-json\/wp\/v2\/posts\/9567\/revisions"}],"predecessor-version":[{"id":9574,"href":"https:\/\/agora.xtec.cat\/ceipsab\/wp-json\/wp\/v2\/posts\/9567\/revisions\/9574"}],"wp:featuredmedia":[{"embeddable":true,"href":"https:\/\/agora.xtec.cat\/ceipsab\/wp-json\/wp\/v2\/media\/6835"}],"wp:attachment":[{"href":"https:\/\/agora.xtec.cat\/ceipsab\/wp-json\/wp\/v2\/media?parent=9567"}],"wp:term":[{"taxonomy":"category","embeddable":true,"href":"https:\/\/agora.xtec.cat\/ceipsab\/wp-json\/wp\/v2\/categories?post=9567"},{"taxonomy":"post_tag","embeddable":true,"href":"https:\/\/agora.xtec.cat\/ceipsab\/wp-json\/wp\/v2\/tags?post=9567"}],"curies":[{"name":"wp","href":"https:\/\/api.w.org\/{rel}","templated":true}]}}