{"id":9561,"date":"2022-11-11T16:36:31","date_gmt":"2022-11-11T15:36:31","guid":{"rendered":"https:\/\/agora.xtec.cat\/ceipsab\/?p=9561"},"modified":"2022-11-11T16:36:31","modified_gmt":"2022-11-11T15:36:31","slug":"mercat-solidari","status":"publish","type":"post","link":"https:\/\/agora.xtec.cat\/ceipsab\/educacio-infantil\/p5\/general\/mercat-solidari\/","title":{"rendered":"MERCAT SOLIDARI"},"content":{"rendered":"<p><span style=\"font-weight: 400\">Hola fam\u00edlies de l\u2019Escola Sant Andreu de la Barca!\u00a0<\/span><\/p>\n<p><span style=\"font-weight: 400\">Aquest curs, els i les alumnes de quart tornarem a fer un mercat solidari per recollir aliments, els quals donarem a la Creu Roja. Es realitzar\u00e0 els dies 16, 18, 21, 22 i 23 de novembre, a les 16.30 fins les 16.45 aproximadament, i ser\u00e0 a l\u2019entrada de l\u2019Escola Sant Andreu de la Barca, per la porta groga.\u00a0<\/span><\/p>\n<p><span style=\"font-weight: 400\">Al mercat solidari hi haur\u00e0 joguines, jocs de taula, llibres, roba i altres objectes. Tots els objectes seran de segona m\u00e0 i \u00e9s per a totes les edats.\u00a0<\/span><\/p>\n<p><span style=\"font-weight: 400\">No s\u2019admeten diners, targetes de cr\u00e8dit ni bizum. Solament es podr\u00e0 pagar amb menjar o altre<\/span><span style=\"font-weight: 400\">s productes, sempre i quan no tinguin una data de caducitat curta ni necessitin nevera. Per exemple: arr\u00f2s, pasta, xamp\u00fa, gel, tonyina, oli, llegums\u2026\u00a0<\/span><\/p>\n<p><span style=\"font-weight: 400\">Si veniu a comprar, estarem molt contents perqu\u00e8 ajudarem a recollir m\u00e9s aliments per a la Creu Roja.<\/span><\/p>\n<p><b>Recordeu<\/b><\/p>\n<p><span style=\"font-weight: 400\">&#8211; Dies: Dimecres 16, divendres 18, dilluns 21, dimarts 22 i dimecres 23.<br \/>\n<\/span><span style=\"font-weight: 400\">&#8211; Hora: 16:30 hores.<br \/>\n<\/span><span style=\"font-weight: 400\">&#8211; Lloc: Davant del menjador (porta groga).<br \/>\n<\/span><span style=\"font-weight: 400\">&#8211; Nom\u00e9s es pot pagar amb productes!!<\/span><\/p>\n<p><span style=\"font-weight: 400\">Us hi esperem fam\u00edlies!!!!!<\/span><\/p>\n<p><a href=\"https:\/\/agora.xtec.cat\/ceipsab\/wp-content\/uploads\/usu1011\/2022\/11\/15_Foto.1569072184.jpg\"><img loading=\"lazy\" decoding=\"async\" class=\"wp-image-9563 aligncenter\" src=\"https:\/\/agora.xtec.cat\/ceipsab\/wp-content\/uploads\/usu1011\/2022\/11\/15_Foto.1569072184.jpg\" alt=\"\" width=\"358\" height=\"268\" srcset=\"https:\/\/agora.xtec.cat\/ceipsab\/wp-content\/uploads\/usu1011\/2022\/11\/15_Foto.1569072184.jpg 800w, https:\/\/agora.xtec.cat\/ceipsab\/wp-content\/uploads\/usu1011\/2022\/11\/15_Foto.1569072184-300x225.jpg 300w, https:\/\/agora.xtec.cat\/ceipsab\/wp-content\/uploads\/usu1011\/2022\/11\/15_Foto.1569072184-768x576.jpg 768w, https:\/\/agora.xtec.cat\/ceipsab\/wp-content\/uploads\/usu1011\/2022\/11\/15_Foto.1569072184-200x150.jpg 200w\" sizes=\"auto, (max-width: 358px) 100vw, 358px\" \/><\/a><\/p>\n","protected":false},"excerpt":{"rendered":"<p>Hola fam\u00edlies de l\u2019Escola Sant Andreu de la Barca!\u00a0<br \/>\nAquest curs, els i les alumnes de quart tornarem a fer un mercat solidari per recollir aliments, els quals donarem a la Creu Roja. Es realitzar\u00e0 els dies 16, 18, 21, 22 i 23 de novembre, a&hellip;  <a href=\"https:\/\/agora.xtec.cat\/ceipsab\/educacio-infantil\/p5\/general\/mercat-solidari\/\" title=\"Read MERCAT SOLIDARI\">Llegeix m\u00e9s\u00bb<\/a><\/p>\n","protected":false},"author":1,"featured_media":0,"comment_status":"open","ping_status":"closed","sticky":false,"template":"","format":"standard","meta":{"_bbp_topic_count":0,"_bbp_reply_count":0,"_bbp_total_topic_count":0,"_bbp_total_reply_count":0,"_bbp_voice_count":0,"_bbp_anonymous_reply_count":0,"_bbp_topic_count_hidden":0,"_bbp_reply_count_hidden":0,"_bbp_forum_subforum_count":0,"footnotes":""},"categories":[5,1],"tags":[135,96,104],"class_list":["post-9561","post","type-post","status-publish","format-standard","hentry","category-primaria","category-general","tag-3r","tag-4t","tag-ciclemitja"],"post_mailing_queue_ids":[],"_links":{"self":[{"href":"https:\/\/agora.xtec.cat\/ceipsab\/wp-json\/wp\/v2\/posts\/9561","targetHints":{"allow":["GET"]}}],"collection":[{"href":"https:\/\/agora.xtec.cat\/ceipsab\/wp-json\/wp\/v2\/posts"}],"about":[{"href":"https:\/\/agora.xtec.cat\/ceipsab\/wp-json\/wp\/v2\/types\/post"}],"author":[{"embeddable":true,"href":"https:\/\/agora.xtec.cat\/ceipsab\/wp-json\/wp\/v2\/users\/1"}],"replies":[{"embeddable":true,"href":"https:\/\/agora.xtec.cat\/ceipsab\/wp-json\/wp\/v2\/comments?post=9561"}],"version-history":[{"count":3,"href":"https:\/\/agora.xtec.cat\/ceipsab\/wp-json\/wp\/v2\/posts\/9561\/revisions"}],"predecessor-version":[{"id":9566,"href":"https:\/\/agora.xtec.cat\/ceipsab\/wp-json\/wp\/v2\/posts\/9561\/revisions\/9566"}],"wp:attachment":[{"href":"https:\/\/agora.xtec.cat\/ceipsab\/wp-json\/wp\/v2\/media?parent=9561"}],"wp:term":[{"taxonomy":"category","embeddable":true,"href":"https:\/\/agora.xtec.cat\/ceipsab\/wp-json\/wp\/v2\/categories?post=9561"},{"taxonomy":"post_tag","embeddable":true,"href":"https:\/\/agora.xtec.cat\/ceipsab\/wp-json\/wp\/v2\/tags?post=9561"}],"curies":[{"name":"wp","href":"https:\/\/api.w.org\/{rel}","templated":true}]}}