{"id":9554,"date":"2022-11-09T12:05:00","date_gmt":"2022-11-09T11:05:00","guid":{"rendered":"https:\/\/agora.xtec.cat\/ceipsab\/?p=9554"},"modified":"2022-11-09T12:05:00","modified_gmt":"2022-11-09T11:05:00","slug":"hem-anat-al-liceu","status":"publish","type":"post","link":"https:\/\/agora.xtec.cat\/ceipsab\/educacio-infantil\/p5\/hem-anat-al-liceu\/","title":{"rendered":"HEM ANAT AL LICEU"},"content":{"rendered":"<p>Hola fam\u00edlies!<\/p>\n<p>Ahir dimarts dia 8 de novembre, els nens i nenes de les classes d&#8217;I5 vam anar al Gran Teatre del Liceu. All\u00e0 vam poder veure la representaci\u00f3 de l&#8217;obra &#8220;Els m\u00fasics de Bremen&#8221;.<\/p>\n<p>Ens va agradar molt\u00edssim! El Liceu \u00e9s un teatre molt maco! Tamb\u00e9 vam poder veure la &#8220;Sala dels miralls&#8221;. Ens ho vam passar molt b\u00e9!<\/p>\n<p><a href=\"https:\/\/photos.app.goo.gl\/HsAswrKFDjcRudND7\"><img loading=\"lazy\" decoding=\"async\" class=\"\" src=\"https:\/\/lh3.googleusercontent.com\/1071G3kzDTNDn77WJ7jqapX74SqC9OuU2e0UmFe-Ay2M4BCgIcrJsgxL3l3Xn6QKwDMTzD5bWE1lIBiqSKwUhxcJk1DFKawRzOjMPUMnlDusMpQe1EeautEJPkSsr0FtFHpaDyoF-LuFaOy5KOHWRv-Aq2FA5GjL3aZrG0AkdNqYK2NRyNrTY2x35em2XCDYzq5uYWOFOyvury5Jvzing5GggKLGjO134BzjLyBOmLaVBQxawJ21MEGYlXIZLYJvtp5EeocL1IlTSPdFPlfLiTLk_ThE56JM3UTPb87NLjvU8QLRFij7emXA-0IRi8anTeMcYl3KY87Clf5nV8dRQHTcp1NjChIjUGKcBF4VPAIFx_2XhlAiro9DlKHd3Y97LhN_0BoHgUFZGtmyNib7x_odB2HyjQKxAniIEngKHro_O3uwlq251GRkSLX5fUr71jwrVMtP3p3fIO46mQQLX4pnf914HFZvLgGEZW3WLHRecNentERpoZPtCZu9yDPG4GxczC7Pb3s6-zI0uxUVBoyPq-x5WXN1tXxrxHWnPAcFKUZq8VNp3Ea3cykXuy4mX9V9rwspikAXCf6gJP9NxQTTgEhxgoB5adEAEhPCB3iNJLQjCs1JqMAlnVHo9M1EfSNwBlyVOS16iXJAHExtgo3sBBvfOKIMgKmJ0jR2LcUfgmTd-HRKF0UiFFW5o1IPS-Akvzq1wMXFAbGpFnl2vunLBIJ1QoUggx_mkGAd5axEtKid0YpqNaXDnWqIshUbw5hDcf5fASD6H1bFuU7JETJ4xCiMqbnlqv4GmESvTbNPGBDJlRrdcoxkdmZV2dBpn91gCIFXGusqJUPsKZFQHWMrItXhe6U9GU1Y0DvvWEqHyEu9JvCv29iepnS9uM0-VxHekyDOLcnJmh10PJnYNxouSQ2xAY3C5G9CNWG8x2LsnXzG8bX5VkorgLQm9HT8EhJS_IQxyQoeCL53bQ=w592-h789-no?authuser=3\" width=\"351\" height=\"468\" \/><\/a><\/p>\n","protected":false},"excerpt":{"rendered":"<p>Hola fam\u00edlies!<br \/>\nAhir dimarts dia 8 de novembre, els nens i nenes de les classes d&#8217;I5 vam anar al Gran Teatre del Liceu. All\u00e0 vam poder veure la representaci\u00f3 de l&#8217;obra &#8220;Els m\u00fasics de Bremen&#8221;.<br \/>\nEns va agradar molt\u00edssim! El Liceu \u00e9s un teatre molt maco! Tamb\u00e9&hellip;  <a href=\"https:\/\/agora.xtec.cat\/ceipsab\/educacio-infantil\/p5\/hem-anat-al-liceu\/\" title=\"Read HEM ANAT AL LICEU\">Llegeix m\u00e9s\u00bb<\/a><\/p>\n","protected":false},"author":1,"featured_media":0,"comment_status":"open","ping_status":"closed","sticky":false,"template":"","format":"standard","meta":{"_bbp_topic_count":0,"_bbp_reply_count":0,"_bbp_total_topic_count":0,"_bbp_total_reply_count":0,"_bbp_voice_count":0,"_bbp_anonymous_reply_count":0,"_bbp_topic_count_hidden":0,"_bbp_reply_count_hidden":0,"_bbp_forum_subforum_count":0,"footnotes":""},"categories":[62,9],"tags":[],"class_list":["post-9554","post","type-post","status-publish","format-standard","hentry","category-educacio-infantil","category-p5"],"post_mailing_queue_ids":[],"_links":{"self":[{"href":"https:\/\/agora.xtec.cat\/ceipsab\/wp-json\/wp\/v2\/posts\/9554","targetHints":{"allow":["GET"]}}],"collection":[{"href":"https:\/\/agora.xtec.cat\/ceipsab\/wp-json\/wp\/v2\/posts"}],"about":[{"href":"https:\/\/agora.xtec.cat\/ceipsab\/wp-json\/wp\/v2\/types\/post"}],"author":[{"embeddable":true,"href":"https:\/\/agora.xtec.cat\/ceipsab\/wp-json\/wp\/v2\/users\/1"}],"replies":[{"embeddable":true,"href":"https:\/\/agora.xtec.cat\/ceipsab\/wp-json\/wp\/v2\/comments?post=9554"}],"version-history":[{"count":1,"href":"https:\/\/agora.xtec.cat\/ceipsab\/wp-json\/wp\/v2\/posts\/9554\/revisions"}],"predecessor-version":[{"id":9555,"href":"https:\/\/agora.xtec.cat\/ceipsab\/wp-json\/wp\/v2\/posts\/9554\/revisions\/9555"}],"wp:attachment":[{"href":"https:\/\/agora.xtec.cat\/ceipsab\/wp-json\/wp\/v2\/media?parent=9554"}],"wp:term":[{"taxonomy":"category","embeddable":true,"href":"https:\/\/agora.xtec.cat\/ceipsab\/wp-json\/wp\/v2\/categories?post=9554"},{"taxonomy":"post_tag","embeddable":true,"href":"https:\/\/agora.xtec.cat\/ceipsab\/wp-json\/wp\/v2\/tags?post=9554"}],"curies":[{"name":"wp","href":"https:\/\/api.w.org\/{rel}","templated":true}]}}