{"id":9547,"date":"2022-11-07T14:52:39","date_gmt":"2022-11-07T13:52:39","guid":{"rendered":"https:\/\/agora.xtec.cat\/ceipsab\/?p=9547"},"modified":"2022-11-07T14:52:39","modified_gmt":"2022-11-07T13:52:39","slug":"castanyada-i-halloween-22","status":"publish","type":"post","link":"https:\/\/agora.xtec.cat\/ceipsab\/primaria\/cicle-superior\/6e\/castanyada-i-halloween-22\/","title":{"rendered":"Castanyada i Halloween 22"},"content":{"rendered":"<p>Benvolgudes families,<\/p>\n<p>El divendres dia 28 vam celebrar Halloween i la castanyada a l\u2019escola. A primera hora del mat\u00ed vam fer els grups per entrar al t\u00fanel del terror. Per la tarda qui volia es pod\u00eda disfressar d\u2019alguna cosa que fes por. Vam sortir al pati on van posar m\u00fasica i a m\u00e9s a m\u00e9s qui va voler va passar pel t\u00fanel del terror. La tem\u00e0tica del t\u00fanel del terror era d\u2019un hospital psiqui\u00e0tric on a la infermera li havien robat les claus de la sortida i vam haver d\u2019ajudar-la a trobar-les. Va ser molt divertit i terror\u00edfic! Ah! I despr\u00e9s tamb\u00e9 vam menjar castanyes.<\/p>\n<p>Feu clic a la imatge per veure les fotos!<\/p>\n<p>&nbsp;<\/p>\n<p><a href=\"https:\/\/photos.app.goo.gl\/YhiwjjfjmdFLyeSm7\"><img loading=\"lazy\" decoding=\"async\" class=\"aligncenter\" src=\"https:\/\/m.media-amazon.com\/images\/I\/81-adqjpOfL._SS500_.jpg\" alt=\"El D\u00eda de la Castanyada by The Harmony Group &amp; Coral Infantil Rossinyols de  LLoren\u00e7 del Penedes on Amazon Music - Amazon.com\" width=\"218\" height=\"218\" \/><\/a><\/p>\n","protected":false},"excerpt":{"rendered":"<p>Benvolgudes families,<br \/>\nEl divendres dia 28 vam celebrar Halloween i la castanyada a l\u2019escola. A primera hora del mat\u00ed vam fer els grups per entrar al t\u00fanel del terror. Per la tarda qui volia es pod\u00eda disfressar d\u2019alguna cosa que fes por. Vam sortir al pati&hellip;  <a href=\"https:\/\/agora.xtec.cat\/ceipsab\/primaria\/cicle-superior\/6e\/castanyada-i-halloween-22\/\" title=\"Read Castanyada i Halloween 22\">Llegeix m\u00e9s\u00bb<\/a><\/p>\n","protected":false},"author":56,"featured_media":0,"comment_status":"open","ping_status":"closed","sticky":false,"template":"","format":"standard","meta":{"_bbp_topic_count":0,"_bbp_reply_count":0,"_bbp_total_topic_count":0,"_bbp_total_reply_count":0,"_bbp_voice_count":0,"_bbp_anonymous_reply_count":0,"_bbp_topic_count_hidden":0,"_bbp_reply_count_hidden":0,"_bbp_forum_subforum_count":0,"footnotes":""},"categories":[15],"tags":[],"class_list":["post-9547","post","type-post","status-publish","format-standard","hentry","category-6e"],"post_mailing_queue_ids":[],"_links":{"self":[{"href":"https:\/\/agora.xtec.cat\/ceipsab\/wp-json\/wp\/v2\/posts\/9547","targetHints":{"allow":["GET"]}}],"collection":[{"href":"https:\/\/agora.xtec.cat\/ceipsab\/wp-json\/wp\/v2\/posts"}],"about":[{"href":"https:\/\/agora.xtec.cat\/ceipsab\/wp-json\/wp\/v2\/types\/post"}],"author":[{"embeddable":true,"href":"https:\/\/agora.xtec.cat\/ceipsab\/wp-json\/wp\/v2\/users\/56"}],"replies":[{"embeddable":true,"href":"https:\/\/agora.xtec.cat\/ceipsab\/wp-json\/wp\/v2\/comments?post=9547"}],"version-history":[{"count":1,"href":"https:\/\/agora.xtec.cat\/ceipsab\/wp-json\/wp\/v2\/posts\/9547\/revisions"}],"predecessor-version":[{"id":9548,"href":"https:\/\/agora.xtec.cat\/ceipsab\/wp-json\/wp\/v2\/posts\/9547\/revisions\/9548"}],"wp:attachment":[{"href":"https:\/\/agora.xtec.cat\/ceipsab\/wp-json\/wp\/v2\/media?parent=9547"}],"wp:term":[{"taxonomy":"category","embeddable":true,"href":"https:\/\/agora.xtec.cat\/ceipsab\/wp-json\/wp\/v2\/categories?post=9547"},{"taxonomy":"post_tag","embeddable":true,"href":"https:\/\/agora.xtec.cat\/ceipsab\/wp-json\/wp\/v2\/tags?post=9547"}],"curies":[{"name":"wp","href":"https:\/\/api.w.org\/{rel}","templated":true}]}}