{"id":9520,"date":"2022-10-28T16:16:17","date_gmt":"2022-10-28T14:16:17","guid":{"rendered":"https:\/\/agora.xtec.cat\/ceipsab\/?p=9520"},"modified":"2022-10-31T19:28:12","modified_gmt":"2022-10-31T18:28:12","slug":"castanyada-2022","status":"publish","type":"post","link":"https:\/\/agora.xtec.cat\/ceipsab\/educacio-infantil\/p5\/general\/castanyada-2022\/","title":{"rendered":"CASTANYADA 2022"},"content":{"rendered":"<p>Hola fam\u00edlies!<\/p>\n<p>Els nens i nenes d&#8217;Educaci\u00f3 Infantil hem celebrat la Castanyada a l&#8217;escola!<\/p>\n<p>El castanyer i la castanyera han baixat expressament des de la muntanya per portar-nos unes castanyes bon\u00edssimes!<\/p>\n<p>Despr\u00e9s hem ballat una estoneta al pati! Ens ho hem passat d&#8217;all\u00f2 m\u00e9s b\u00e9!<\/p>\n<p>Ens voleu veure?<\/p>\n<p><a href=\"https:\/\/photos.app.goo.gl\/x8UAyi8X8cxjteQ18\"><img loading=\"lazy\" decoding=\"async\" class=\"\" src=\"https:\/\/lh3.googleusercontent.com\/hTHBqC2O2QrvMWpgOeP063FLEHXQtwSHIz4ecX0dBKhJ9oWB02zsKWrwgzIkJHf0VSFSBa8No75uHz7mq-_mlKKo412hOnDqZdlWwP0HiaPQmHRFIu-zX8uE8XDgm-7rl-Ava-xVTH4z2eBqtx-XRUnDeORm-OtPhhCixvDg2KuMWj500WjSrNHzLcJth_pHcUD5klmmVbl5h1_hVbr7Qo4crT07Grgj9ZlHQmkvcutoh1pFSkwNbymMYMQnjQCQCBcpioiuY0EX9LB9Ci-5nlEGKMYr9fKulXDJ0MmQro3n-kzWpGtWnU04Pys8lFRkPIJuW-KhO6uiYssmS9kqy-idSf1af0KjSb4bXgdQNqGSyyzRaNwWyo64xRyXCbEAqkZ5K9kSaZz-80Ss4PAjB0M5rZpJDuJMKdr0bLzxmn_0C-W6TprBC4hu38rmEzxmCWod-4UAPxKkiT5PVHrJCNxqUiPImLS1lgG5gIHzrzPpt-VmY4PLTFeQ20HEFdeDMpegHdn2MUJG63OBBlh_-MGaq3rl0Sclog0LAXLZkv0TpGr4vGUGiCAG8uKivwyTrzn2as5spG7F5qXHj6WgJMNKRWM4G3-ADnHYM2zYIpEFdlhpodRJjVFE6yuvUxqwafZLaggPR8Oy9aYT9ULKOMNRoKWcZxsm-8-XzhquH58lim4_youM7I4qKmDH9o4TGENh0AiY0q-UB9F9LJ1wj7ye18oUFPUJkCj-U79RLk42DkObWoAPiYCB_FXDyDf43yFAJPzW3bLtcAduyqnolQsgNx7LQb8uqbYJz-PidJxEIndHAYsQJ1tF7kyadwrtfK1fsSbZXMpWrXiPqemuYtOYqRAIMIw4rgLBQTOQmw31jTZllV39ttFOpf8E3bxubMbajFtZijHmeaF-XtGKrhSsnMwZJCnurVG0oxAWMuA47VKywjJU0d7SCX7WBhnym5IIRgwOkA4FmajMQA=w976-h732-no?authuser=3\" width=\"517\" height=\"388\" \/><\/a><\/p>\n","protected":false},"excerpt":{"rendered":"<p>Hola fam\u00edlies!<br \/>\nEls nens i nenes d&#8217;Educaci\u00f3 Infantil hem celebrat la Castanyada a l&#8217;escola!<br \/>\nEl castanyer i la castanyera han baixat expressament des de la muntanya per portar-nos unes castanyes bon\u00edssimes!<br \/>\nDespr\u00e9s hem ballat una estoneta al pati! Ens ho hem passat d&#8217;all\u00f2 m\u00e9s b\u00e9!<br \/>\nEns voleu veure?<br \/>\n<a href=\"https:\/\/photos.app.goo.gl\/x8UAyi8X8cxjteQ18\"><\/a><\/p>\n","protected":false},"author":1,"featured_media":0,"comment_status":"open","ping_status":"closed","sticky":false,"template":"","format":"standard","meta":{"_bbp_topic_count":0,"_bbp_reply_count":0,"_bbp_total_topic_count":0,"_bbp_total_reply_count":0,"_bbp_voice_count":0,"_bbp_anonymous_reply_count":0,"_bbp_topic_count_hidden":0,"_bbp_reply_count_hidden":0,"_bbp_forum_subforum_count":0,"footnotes":""},"categories":[62,1,3,8,9,4],"tags":[],"class_list":["post-9520","post","type-post","status-publish","format-standard","hentry","category-educacio-infantil","category-general","category-p3","category-p4","category-p5","category-portada"],"post_mailing_queue_ids":[],"_links":{"self":[{"href":"https:\/\/agora.xtec.cat\/ceipsab\/wp-json\/wp\/v2\/posts\/9520","targetHints":{"allow":["GET"]}}],"collection":[{"href":"https:\/\/agora.xtec.cat\/ceipsab\/wp-json\/wp\/v2\/posts"}],"about":[{"href":"https:\/\/agora.xtec.cat\/ceipsab\/wp-json\/wp\/v2\/types\/post"}],"author":[{"embeddable":true,"href":"https:\/\/agora.xtec.cat\/ceipsab\/wp-json\/wp\/v2\/users\/1"}],"replies":[{"embeddable":true,"href":"https:\/\/agora.xtec.cat\/ceipsab\/wp-json\/wp\/v2\/comments?post=9520"}],"version-history":[{"count":1,"href":"https:\/\/agora.xtec.cat\/ceipsab\/wp-json\/wp\/v2\/posts\/9520\/revisions"}],"predecessor-version":[{"id":9521,"href":"https:\/\/agora.xtec.cat\/ceipsab\/wp-json\/wp\/v2\/posts\/9520\/revisions\/9521"}],"wp:attachment":[{"href":"https:\/\/agora.xtec.cat\/ceipsab\/wp-json\/wp\/v2\/media?parent=9520"}],"wp:term":[{"taxonomy":"category","embeddable":true,"href":"https:\/\/agora.xtec.cat\/ceipsab\/wp-json\/wp\/v2\/categories?post=9520"},{"taxonomy":"post_tag","embeddable":true,"href":"https:\/\/agora.xtec.cat\/ceipsab\/wp-json\/wp\/v2\/tags?post=9520"}],"curies":[{"name":"wp","href":"https:\/\/api.w.org\/{rel}","templated":true}]}}