{"id":9496,"date":"2022-10-27T11:49:35","date_gmt":"2022-10-27T09:49:35","guid":{"rendered":"https:\/\/agora.xtec.cat\/ceipsab\/?p=9496"},"modified":"2022-10-27T11:49:35","modified_gmt":"2022-10-27T09:49:35","slug":"i3-welcome-archie","status":"publish","type":"post","link":"https:\/\/agora.xtec.cat\/ceipsab\/primaria\/english-corner\/pre-school\/i3-welcome-archie\/","title":{"rendered":"I3 WELCOME ARCHIE!"},"content":{"rendered":"<p>A few days ago, Archie appeared in I3 classrooms to play with children and teach them colours, numbers and some funny songs. Welcome Archie!!<\/p>\n<p><em>Fa uns dies, l&#8217;Archie va apar\u00e8ixer a les aules de I3 per ensenyar als nens i nenes colors, n\u00fameros i algunes can\u00e7ons divertides. Benvingut Archie!!<\/em><\/p>\n<p><a href=\"https:\/\/photos.app.goo.gl\/3LZaaqgSZp4Dm6zt8\"><img loading=\"lazy\" decoding=\"async\" class=\"alignnone size-large wp-image-9497\" src=\"https:\/\/agora.xtec.cat\/ceipsab\/wp-content\/uploads\/usu1011\/2022\/10\/1666863200792-766x1024.jpg\" alt=\"\" width=\"766\" height=\"1024\" srcset=\"https:\/\/agora.xtec.cat\/ceipsab\/wp-content\/uploads\/usu1011\/2022\/10\/1666863200792-766x1024.jpg 766w, https:\/\/agora.xtec.cat\/ceipsab\/wp-content\/uploads\/usu1011\/2022\/10\/1666863200792-224x300.jpg 224w, https:\/\/agora.xtec.cat\/ceipsab\/wp-content\/uploads\/usu1011\/2022\/10\/1666863200792-768x1026.jpg 768w, https:\/\/agora.xtec.cat\/ceipsab\/wp-content\/uploads\/usu1011\/2022\/10\/1666863200792-1149x1536.jpg 1149w, https:\/\/agora.xtec.cat\/ceipsab\/wp-content\/uploads\/usu1011\/2022\/10\/1666863200792-1532x2048.jpg 1532w, https:\/\/agora.xtec.cat\/ceipsab\/wp-content\/uploads\/usu1011\/2022\/10\/1666863200792-scaled.jpg 1916w\" sizes=\"auto, (max-width: 766px) 100vw, 766px\" \/><\/a><\/p>\n","protected":false},"excerpt":{"rendered":"<p>A few days ago, Archie appeared in I3 classrooms to play with children and teach them colours, numbers and some funny songs. Welcome Archie!!<br \/>\nFa uns dies, l&#8217;Archie va apar\u00e8ixer a les aules de I3 per ensenyar als nens i nenes colors, n\u00fameros i algunes can\u00e7ons&hellip;  <a href=\"https:\/\/agora.xtec.cat\/ceipsab\/primaria\/english-corner\/pre-school\/i3-welcome-archie\/\" title=\"Read I3 WELCOME ARCHIE!\">Llegeix m\u00e9s\u00bb<\/a><\/p>\n","protected":false},"author":1,"featured_media":9497,"comment_status":"open","ping_status":"closed","sticky":false,"template":"","format":"standard","meta":{"_bbp_topic_count":0,"_bbp_reply_count":0,"_bbp_total_topic_count":0,"_bbp_total_reply_count":0,"_bbp_voice_count":0,"_bbp_anonymous_reply_count":0,"_bbp_topic_count_hidden":0,"_bbp_reply_count_hidden":0,"_bbp_forum_subforum_count":0,"footnotes":""},"categories":[69],"tags":[],"class_list":["post-9496","post","type-post","status-publish","format-standard","has-post-thumbnail","hentry","category-pre-school"],"post_mailing_queue_ids":[],"_links":{"self":[{"href":"https:\/\/agora.xtec.cat\/ceipsab\/wp-json\/wp\/v2\/posts\/9496","targetHints":{"allow":["GET"]}}],"collection":[{"href":"https:\/\/agora.xtec.cat\/ceipsab\/wp-json\/wp\/v2\/posts"}],"about":[{"href":"https:\/\/agora.xtec.cat\/ceipsab\/wp-json\/wp\/v2\/types\/post"}],"author":[{"embeddable":true,"href":"https:\/\/agora.xtec.cat\/ceipsab\/wp-json\/wp\/v2\/users\/1"}],"replies":[{"embeddable":true,"href":"https:\/\/agora.xtec.cat\/ceipsab\/wp-json\/wp\/v2\/comments?post=9496"}],"version-history":[{"count":1,"href":"https:\/\/agora.xtec.cat\/ceipsab\/wp-json\/wp\/v2\/posts\/9496\/revisions"}],"predecessor-version":[{"id":9498,"href":"https:\/\/agora.xtec.cat\/ceipsab\/wp-json\/wp\/v2\/posts\/9496\/revisions\/9498"}],"wp:featuredmedia":[{"embeddable":true,"href":"https:\/\/agora.xtec.cat\/ceipsab\/wp-json\/wp\/v2\/media\/9497"}],"wp:attachment":[{"href":"https:\/\/agora.xtec.cat\/ceipsab\/wp-json\/wp\/v2\/media?parent=9496"}],"wp:term":[{"taxonomy":"category","embeddable":true,"href":"https:\/\/agora.xtec.cat\/ceipsab\/wp-json\/wp\/v2\/categories?post=9496"},{"taxonomy":"post_tag","embeddable":true,"href":"https:\/\/agora.xtec.cat\/ceipsab\/wp-json\/wp\/v2\/tags?post=9496"}],"curies":[{"name":"wp","href":"https:\/\/api.w.org\/{rel}","templated":true}]}}