{"id":9460,"date":"2022-10-14T20:30:48","date_gmt":"2022-10-14T18:30:48","guid":{"rendered":"https:\/\/agora.xtec.cat\/ceipsab\/?p=9460"},"modified":"2022-10-14T20:30:48","modified_gmt":"2022-10-14T18:30:48","slug":"padrins-lectors-6e","status":"publish","type":"post","link":"https:\/\/agora.xtec.cat\/ceipsab\/primaria\/cicle-superior\/6e\/padrins-lectors-6e\/","title":{"rendered":"Padrins lectors 6\u00e8"},"content":{"rendered":"<p><span style=\"font-weight: 400\">Aquesta setmana hem comen\u00e7at els padrins lectors. El dimarts ens vam trobar tots els alumnes de primer i sis\u00e8 al gimn\u00e0s per con\u00e8ixer els nostres fillols. Vam estar una estona explicant que \u00e9s el que farem durant el curs i parlant amb els nostres fillols per coneixe\u2019ns millor. A m\u00e9s a m\u00e9s vam aprofitar que est\u00e0vem al gimn\u00e0s per fer una activitat en equip d\u2019educaci\u00f3 f\u00edsica. Vam construir figures humanes tots junts! Va ser molt divertit.<\/span><\/p>\n<p><span style=\"font-weight: 400\">Estem molt emocionats i tenim moltes ganes de comen\u00e7ar a compartir aquestes estones de lectura amb els nostres companys de primer, estem segurs que tots aprendrem moltes coses.<\/span><\/p>\n<p><span style=\"font-weight: 400\">Si voleu veure algunes fotos d\u2019aquest dia feu clic a la imatge!<\/span><\/p>\n<p>&nbsp;<\/p>\n<p><a href=\"https:\/\/photos.app.goo.gl\/vzw39RDEGwxLP4Hu9\"><img loading=\"lazy\" decoding=\"async\" class=\"aligncenter\" src=\"https:\/\/agora.xtec.cat\/escola-abelferrater\/wp-content\/uploads\/usu1450\/2019\/10\/padrins-lectors.jpg\" alt=\"PADRINS LECTORS | Escola Abel Ferrater\" width=\"213\" height=\"237\" \/><\/a><\/p>\n","protected":false},"excerpt":{"rendered":"<p>Aquesta setmana hem comen\u00e7at els padrins lectors. El dimarts ens vam trobar tots els alumnes de primer i sis\u00e8 al gimn\u00e0s per con\u00e8ixer els nostres fillols. Vam estar una estona explicant que \u00e9s el que farem durant el curs i parlant amb els nostres fillols&hellip;  <a href=\"https:\/\/agora.xtec.cat\/ceipsab\/primaria\/cicle-superior\/6e\/padrins-lectors-6e\/\" title=\"Read Padrins lectors 6\u00e8\">Llegeix m\u00e9s\u00bb<\/a><\/p>\n","protected":false},"author":56,"featured_media":0,"comment_status":"open","ping_status":"closed","sticky":false,"template":"","format":"standard","meta":{"_bbp_topic_count":0,"_bbp_reply_count":0,"_bbp_total_topic_count":0,"_bbp_total_reply_count":0,"_bbp_voice_count":0,"_bbp_anonymous_reply_count":0,"_bbp_topic_count_hidden":0,"_bbp_reply_count_hidden":0,"_bbp_forum_subforum_count":0,"footnotes":""},"categories":[15],"tags":[],"class_list":["post-9460","post","type-post","status-publish","format-standard","hentry","category-6e"],"post_mailing_queue_ids":[],"_links":{"self":[{"href":"https:\/\/agora.xtec.cat\/ceipsab\/wp-json\/wp\/v2\/posts\/9460","targetHints":{"allow":["GET"]}}],"collection":[{"href":"https:\/\/agora.xtec.cat\/ceipsab\/wp-json\/wp\/v2\/posts"}],"about":[{"href":"https:\/\/agora.xtec.cat\/ceipsab\/wp-json\/wp\/v2\/types\/post"}],"author":[{"embeddable":true,"href":"https:\/\/agora.xtec.cat\/ceipsab\/wp-json\/wp\/v2\/users\/56"}],"replies":[{"embeddable":true,"href":"https:\/\/agora.xtec.cat\/ceipsab\/wp-json\/wp\/v2\/comments?post=9460"}],"version-history":[{"count":2,"href":"https:\/\/agora.xtec.cat\/ceipsab\/wp-json\/wp\/v2\/posts\/9460\/revisions"}],"predecessor-version":[{"id":9462,"href":"https:\/\/agora.xtec.cat\/ceipsab\/wp-json\/wp\/v2\/posts\/9460\/revisions\/9462"}],"wp:attachment":[{"href":"https:\/\/agora.xtec.cat\/ceipsab\/wp-json\/wp\/v2\/media?parent=9460"}],"wp:term":[{"taxonomy":"category","embeddable":true,"href":"https:\/\/agora.xtec.cat\/ceipsab\/wp-json\/wp\/v2\/categories?post=9460"},{"taxonomy":"post_tag","embeddable":true,"href":"https:\/\/agora.xtec.cat\/ceipsab\/wp-json\/wp\/v2\/tags?post=9460"}],"curies":[{"name":"wp","href":"https:\/\/api.w.org\/{rel}","templated":true}]}}