{"id":9400,"date":"2022-06-29T10:31:50","date_gmt":"2022-06-29T08:31:50","guid":{"rendered":"https:\/\/agora.xtec.cat\/ceipsab\/?p=9400"},"modified":"2022-06-29T10:31:50","modified_gmt":"2022-06-29T08:31:50","slug":"anem-a-la-mola","status":"publish","type":"post","link":"https:\/\/agora.xtec.cat\/ceipsab\/educacio-infantil\/p5\/general\/anem-a-la-mola\/","title":{"rendered":"Anem a la Mola"},"content":{"rendered":"<p>El passat 16 de juny la classe\u00a0 de 1r vam fer una sortida a la Mola. All\u00e0 vam gaudir d&#8217;un mat\u00ed refrescant envoltats de la natura del nostre entorn proper. Aqu\u00ed teniu les <a href=\"https:\/\/photos.google.com\/album\/AF1QipPmb6LBvlC7NHD9ZNvWbT6HFePUFpd4I0RAsycU\">fotos de la sortida<\/a>.<\/p>\n","protected":false},"excerpt":{"rendered":"<p>El passat 16 de juny la classe\u00a0 de 1r vam fer una sortida a la Mola. All\u00e0 vam gaudir d&#8217;un mat\u00ed refrescant envoltats de la natura del nostre entorn proper. Aqu\u00ed teniu les <a href=\"https:\/\/photos.google.com\/album\/AF1QipPmb6LBvlC7NHD9ZNvWbT6HFePUFpd4I0RAsycU\">fotos de la sortida<\/a>.<\/p>\n","protected":false},"author":1,"featured_media":9403,"comment_status":"open","ping_status":"closed","sticky":false,"template":"","format":"standard","meta":{"_bbp_topic_count":0,"_bbp_reply_count":0,"_bbp_total_topic_count":0,"_bbp_total_reply_count":0,"_bbp_voice_count":0,"_bbp_anonymous_reply_count":0,"_bbp_topic_count_hidden":0,"_bbp_reply_count_hidden":0,"_bbp_forum_subforum_count":0,"footnotes":""},"categories":[1],"tags":[],"class_list":["post-9400","post","type-post","status-publish","format-standard","has-post-thumbnail","hentry","category-general"],"post_mailing_queue_ids":[],"_links":{"self":[{"href":"https:\/\/agora.xtec.cat\/ceipsab\/wp-json\/wp\/v2\/posts\/9400","targetHints":{"allow":["GET"]}}],"collection":[{"href":"https:\/\/agora.xtec.cat\/ceipsab\/wp-json\/wp\/v2\/posts"}],"about":[{"href":"https:\/\/agora.xtec.cat\/ceipsab\/wp-json\/wp\/v2\/types\/post"}],"author":[{"embeddable":true,"href":"https:\/\/agora.xtec.cat\/ceipsab\/wp-json\/wp\/v2\/users\/1"}],"replies":[{"embeddable":true,"href":"https:\/\/agora.xtec.cat\/ceipsab\/wp-json\/wp\/v2\/comments?post=9400"}],"version-history":[{"count":2,"href":"https:\/\/agora.xtec.cat\/ceipsab\/wp-json\/wp\/v2\/posts\/9400\/revisions"}],"predecessor-version":[{"id":9402,"href":"https:\/\/agora.xtec.cat\/ceipsab\/wp-json\/wp\/v2\/posts\/9400\/revisions\/9402"}],"wp:featuredmedia":[{"embeddable":true,"href":"https:\/\/agora.xtec.cat\/ceipsab\/wp-json\/wp\/v2\/media\/9403"}],"wp:attachment":[{"href":"https:\/\/agora.xtec.cat\/ceipsab\/wp-json\/wp\/v2\/media?parent=9400"}],"wp:term":[{"taxonomy":"category","embeddable":true,"href":"https:\/\/agora.xtec.cat\/ceipsab\/wp-json\/wp\/v2\/categories?post=9400"},{"taxonomy":"post_tag","embeddable":true,"href":"https:\/\/agora.xtec.cat\/ceipsab\/wp-json\/wp\/v2\/tags?post=9400"}],"curies":[{"name":"wp","href":"https:\/\/api.w.org\/{rel}","templated":true}]}}