{"id":9167,"date":"2022-05-03T14:13:16","date_gmt":"2022-05-03T12:13:16","guid":{"rendered":"https:\/\/agora.xtec.cat\/ceipsab\/?p=9167"},"modified":"2022-05-03T14:14:29","modified_gmt":"2022-05-03T12:14:29","slug":"sortida-al-museu-4ta","status":"publish","type":"post","link":"https:\/\/agora.xtec.cat\/ceipsab\/primaria\/cicle-mitja\/4t\/sortida-al-museu-4ta\/","title":{"rendered":"SORTIDA AL MUSEU DEL DISSENY 4tA"},"content":{"rendered":"<p><span style=\"font-weight: 400\">El dimarts 18 de gener\u00a0 de 2.022 els nens i nenes de 4t A i 4t B vam visitar el museu de disseny de Barcelona, situat al costat de la Torre Agbar.<\/span><\/p>\n<p><span style=\"font-weight: 400\">L\u2019autob\u00fas ens va recollir a la porta de l\u2019escola i en menys de mitja hora ja hi \u00e9rem al museu.<\/span><\/p>\n<p><span style=\"font-weight: 400\">Primer vam esmorzar i de seguida van entrar a aquell edifici tan bonic.<\/span><\/p>\n<p><span style=\"font-weight: 400\">Acompanyats d\u2019 unes monitores molt simp\u00e0tiques, vam visitar diferents exposicions del museu. A la primera exposici\u00f3 vam veure dissenys molt moderns i els haviem de trobar i explicar per a qu\u00e8 servien a trav\u00e9s de jocs.<\/span><\/p>\n<p><span style=\"font-weight: 400\">Despr\u00e9s vam visitar altres exposicions del museu com :\u00a0<\/span><\/p>\n<p><span style=\"font-weight: 400\">els vestits a trav\u00e9s de la hist\u00f2ria , joies, mobles, cer\u00e0mica&#8230;. tot molt bonic.<\/span><\/p>\n<p><span style=\"font-weight: 400\">All\u00ed vam fer un taller per grups on hav\u00edem d\u2019inventar amb material reciclat diferents objectes que ajudessin a les persones a viure millor.<\/span><\/p>\n<p><span style=\"font-weight: 400\">Al acabar vam anar a un parc enorme a dinar i jugar una bona estona.<\/span><\/p>\n<p><span style=\"font-weight: 400\">Ens va agradar molt i va ser un dia molt divertit !<\/span><\/p>\n<p><span style=\"font-weight: 400\">\u00a0\u00a0\u00a0\u00a0\u00a0\u00a0\u00a0\u00a0\u00a0\u00a0\u00a0\u00a0\u00a0\u00a0\u00a0\u00a0\u00a0\u00a0\u00a0\u00a0\u00a0\u00a0\u00a0\u00a0\u00a0\u00a0\u00a0\u00a0\u00a0\u00a0\u00a0\u00a0\u00a0\u00a0\u00a0\u00a0\u00a0\u00a0\u00a0\u00a0\u00a0\u00a0\u00a0\u00a0\u00a0\u00a0\u00a0\u00a0\u00a0\u00a0\u00a0\u00a0\u00a0\u00a0\u00a0\u00a0\u00a0\u00a0\u00a0\u00a0\u00a0\u00a0\u00a0\u00a0\u00a0\u00a0\u00a0\u00a0\u00a0\u00a0\u00a0\u00a0\u00a0\u00a0\u00a0\u00a0\u00a0\u00a0Alumnes de 4t A<\/span><\/p>\n<p><a href=\"https:\/\/photos.app.goo.gl\/mUPj2JDmyVx5oVL18\"><img loading=\"lazy\" decoding=\"async\" class=\"aligncenter wp-image-9168 size-thumbnail\" src=\"https:\/\/agora.xtec.cat\/ceipsab\/wp-content\/uploads\/usu1011\/2022\/05\/20220118_104323-150x150.jpg\" alt=\"\" width=\"150\" height=\"150\" \/><\/a><\/p>\n","protected":false},"excerpt":{"rendered":"<p>El dimarts 18 de gener\u00a0 de 2.022 els nens i nenes de 4t A i 4t B vam visitar el museu de disseny de Barcelona, situat al costat de la Torre Agbar.<br \/>\nL\u2019autob\u00fas ens va recollir a la porta de l\u2019escola i en menys de mitja&hellip;  <a href=\"https:\/\/agora.xtec.cat\/ceipsab\/primaria\/cicle-mitja\/4t\/sortida-al-museu-4ta\/\" title=\"Read SORTIDA AL MUSEU DEL DISSENY 4tA\">Llegeix m\u00e9s\u00bb<\/a><\/p>\n","protected":false},"author":1,"featured_media":0,"comment_status":"open","ping_status":"closed","sticky":false,"template":"","format":"standard","meta":{"_bbp_topic_count":0,"_bbp_reply_count":0,"_bbp_total_topic_count":0,"_bbp_total_reply_count":0,"_bbp_voice_count":0,"_bbp_anonymous_reply_count":0,"_bbp_topic_count_hidden":0,"_bbp_reply_count_hidden":0,"_bbp_forum_subforum_count":0,"footnotes":""},"categories":[13],"tags":[],"class_list":["post-9167","post","type-post","status-publish","format-standard","hentry","category-4t"],"post_mailing_queue_ids":[],"_links":{"self":[{"href":"https:\/\/agora.xtec.cat\/ceipsab\/wp-json\/wp\/v2\/posts\/9167","targetHints":{"allow":["GET"]}}],"collection":[{"href":"https:\/\/agora.xtec.cat\/ceipsab\/wp-json\/wp\/v2\/posts"}],"about":[{"href":"https:\/\/agora.xtec.cat\/ceipsab\/wp-json\/wp\/v2\/types\/post"}],"author":[{"embeddable":true,"href":"https:\/\/agora.xtec.cat\/ceipsab\/wp-json\/wp\/v2\/users\/1"}],"replies":[{"embeddable":true,"href":"https:\/\/agora.xtec.cat\/ceipsab\/wp-json\/wp\/v2\/comments?post=9167"}],"version-history":[{"count":2,"href":"https:\/\/agora.xtec.cat\/ceipsab\/wp-json\/wp\/v2\/posts\/9167\/revisions"}],"predecessor-version":[{"id":9171,"href":"https:\/\/agora.xtec.cat\/ceipsab\/wp-json\/wp\/v2\/posts\/9167\/revisions\/9171"}],"wp:attachment":[{"href":"https:\/\/agora.xtec.cat\/ceipsab\/wp-json\/wp\/v2\/media?parent=9167"}],"wp:term":[{"taxonomy":"category","embeddable":true,"href":"https:\/\/agora.xtec.cat\/ceipsab\/wp-json\/wp\/v2\/categories?post=9167"},{"taxonomy":"post_tag","embeddable":true,"href":"https:\/\/agora.xtec.cat\/ceipsab\/wp-json\/wp\/v2\/tags?post=9167"}],"curies":[{"name":"wp","href":"https:\/\/api.w.org\/{rel}","templated":true}]}}