{"id":9112,"date":"2022-04-22T09:50:17","date_gmt":"2022-04-22T07:50:17","guid":{"rendered":"https:\/\/agora.xtec.cat\/ceipsab\/?p=9112"},"modified":"2022-04-28T08:16:43","modified_gmt":"2022-04-28T06:16:43","slug":"maquetes-i-circuits-electrics-a-6e","status":"publish","type":"post","link":"https:\/\/agora.xtec.cat\/ceipsab\/primaria\/cicle-superior\/6e\/maquetes-i-circuits-electrics-a-6e\/","title":{"rendered":"Maquetes i circuits el\u00e8ctrics a 6\u00e8"},"content":{"rendered":"<p><span style=\"font-weight: 400\">Benvolgudes fam\u00edlies,\u00a0<\/span><\/p>\n<p><span style=\"font-weight: 400\">Els alumnes de 6\u00e8 vam dedicar les darreres sessions a construir maquetes de circuits el\u00e8ctrics. La primera setmana vam dedicar l\u2019estona de pl\u00e0stica a buscar exemples d\u2019altres maquetes i preparar la base del que seria la maqueta. I despr\u00e9s\u00a0 vam anar a l\u2019aula de ci\u00e8ncies i vam aprendre a muntar el circuit el\u00e8ctric. Les seg\u00fcents 2 sessions vam estar portant material, acabant la maqueta i quan estava acabada vam muntar el circuit el\u00e8ctric dins la maqueta.<\/span><\/p>\n<p><span style=\"font-weight: 400\">Per \u00faltim, vam fer una exposici\u00f3 davant de la classe explicant com ho hav\u00edem fet i el seu resultat amb les llums. Les maquetes van sortir molt originals i boniques. A tots ens va encantar treballar en grup i van sortir maquetes com aeroports, un carrer, una granja, un cinema, una casa&#8230; va ser una experi\u00e8ncia molt xula i divertida.<\/span><\/p>\n<p>Si voleu veure les nostres creacions feu clic a la imatge!<\/p>\n<p><a href=\"https:\/\/photos.app.goo.gl\/R7MLupTKnzv1GcWb7\"><img loading=\"lazy\" decoding=\"async\" class=\"aligncenter\" src=\"https:\/\/i.pinimg.com\/originals\/67\/5f\/50\/675f50ba5a5444be181567c71a13e5c0.jpg\" alt=\"\u00c9pingl\u00e9 sur Trabalho\" width=\"356\" height=\"237\" \/><\/a><\/p>\n","protected":false},"excerpt":{"rendered":"<p>Benvolgudes fam\u00edlies,\u00a0<br \/>\nEls alumnes de 6\u00e8 vam dedicar les darreres sessions a construir maquetes de circuits el\u00e8ctrics. La primera setmana vam dedicar l\u2019estona de pl\u00e0stica a buscar exemples d\u2019altres maquetes i preparar la base del que seria la maqueta. I despr\u00e9s\u00a0 vam anar a l\u2019aula de&hellip;  <a href=\"https:\/\/agora.xtec.cat\/ceipsab\/primaria\/cicle-superior\/6e\/maquetes-i-circuits-electrics-a-6e\/\" title=\"Read Maquetes i circuits el\u00e8ctrics a 6\u00e8\">Llegeix m\u00e9s\u00bb<\/a><\/p>\n","protected":false},"author":56,"featured_media":0,"comment_status":"open","ping_status":"closed","sticky":false,"template":"","format":"standard","meta":{"_bbp_topic_count":0,"_bbp_reply_count":0,"_bbp_total_topic_count":0,"_bbp_total_reply_count":0,"_bbp_voice_count":0,"_bbp_anonymous_reply_count":0,"_bbp_topic_count_hidden":0,"_bbp_reply_count_hidden":0,"_bbp_forum_subforum_count":0,"footnotes":""},"categories":[15],"tags":[],"class_list":["post-9112","post","type-post","status-publish","format-standard","hentry","category-6e"],"post_mailing_queue_ids":[],"_links":{"self":[{"href":"https:\/\/agora.xtec.cat\/ceipsab\/wp-json\/wp\/v2\/posts\/9112","targetHints":{"allow":["GET"]}}],"collection":[{"href":"https:\/\/agora.xtec.cat\/ceipsab\/wp-json\/wp\/v2\/posts"}],"about":[{"href":"https:\/\/agora.xtec.cat\/ceipsab\/wp-json\/wp\/v2\/types\/post"}],"author":[{"embeddable":true,"href":"https:\/\/agora.xtec.cat\/ceipsab\/wp-json\/wp\/v2\/users\/56"}],"replies":[{"embeddable":true,"href":"https:\/\/agora.xtec.cat\/ceipsab\/wp-json\/wp\/v2\/comments?post=9112"}],"version-history":[{"count":2,"href":"https:\/\/agora.xtec.cat\/ceipsab\/wp-json\/wp\/v2\/posts\/9112\/revisions"}],"predecessor-version":[{"id":9114,"href":"https:\/\/agora.xtec.cat\/ceipsab\/wp-json\/wp\/v2\/posts\/9112\/revisions\/9114"}],"wp:attachment":[{"href":"https:\/\/agora.xtec.cat\/ceipsab\/wp-json\/wp\/v2\/media?parent=9112"}],"wp:term":[{"taxonomy":"category","embeddable":true,"href":"https:\/\/agora.xtec.cat\/ceipsab\/wp-json\/wp\/v2\/categories?post=9112"},{"taxonomy":"post_tag","embeddable":true,"href":"https:\/\/agora.xtec.cat\/ceipsab\/wp-json\/wp\/v2\/tags?post=9112"}],"curies":[{"name":"wp","href":"https:\/\/api.w.org\/{rel}","templated":true}]}}