{"id":9085,"date":"2022-04-09T12:04:03","date_gmt":"2022-04-09T10:04:03","guid":{"rendered":"https:\/\/agora.xtec.cat\/ceipsab\/?p=9085"},"modified":"2022-04-09T12:04:03","modified_gmt":"2022-04-09T10:04:03","slug":"p5-colonies","status":"publish","type":"post","link":"https:\/\/agora.xtec.cat\/ceipsab\/educacio-infantil\/p5\/p5-colonies\/","title":{"rendered":"P5 COL\u00d2NIES"},"content":{"rendered":"<p>Hola fam\u00edlies,<\/p>\n<p>Hem anat per primera vegada de col\u00f2nies i ha estat una s\u00faper experi\u00e8ncia. A la casa ens van rebre la Lizzy i el Pol, els monitors que ens van acompanyar durant tota l&#8217;estada. Vam con\u00e8ixer tamb\u00e9 al Tronqui; era el seu aniversari i ens va ensenyar el seu \u00e0lbum de fotos per\u00f2 li faltava la foto m\u00e9s important: la de la seva fam\u00edlia. Nosaltres el vam ajudar a trobar-la.<\/p>\n<p>A la tarda, vam anar al bosc a recollir un munt de coses, per\u00f2 algunes d&#8217;elles no ens va agradar trobar-les ja que no haurien d&#8217;haver estat all\u00e0. Vam aprendre la import\u00e0ncia de cuidar el bosc i no embrutar-lo.<\/p>\n<p>Al tornar del bosc vam anar a veure les nostres habitacions. Quina emoci\u00f3!! Vam provar tots els llits i un cop vam triar el nostre i vam deixar preparat el sac i el pijama, els monitors ens van rebre a la pla\u00e7a amb una batucada xul\u00edssima. Per sopar vam celebrar l&#8217;aniversari del Tronqui, que ens havia preparat una sorpresa&#8230; Ens va amagar unes entrades per anar a veure un espectacle. Amb les llanternes les vam trobar totes i vam disfrutar molt dels titelles abans d&#8217;anar a dormir.<\/p>\n<p>Al dia seg\u00fcent vam visitar la granja i vam poder tocar i donar de menjar als animals.<\/p>\n<p>Com que feia bon temps, l&#8217;\u00faltim dinar el vam fer a l&#8217;aire lliure i va ser molt divertit. De seguida es va fer l&#8217;hora de tornar cap a l&#8217;escola on ens est\u00e0veu esperant tots els pares i mares.<\/p>\n<p>Han estat unes col\u00f2nies inoblidables!!<\/p>\n<p><a href=\"https:\/\/photos.app.goo.gl\/cyjCQJWn7ZRncfFC6\"><img loading=\"lazy\" decoding=\"async\" class=\"alignnone  wp-image-9086\" src=\"https:\/\/agora.xtec.cat\/ceipsab\/wp-content\/uploads\/usu1011\/2022\/04\/Casa-de-colonias-Mas-Banyeres.jpg\" alt=\"\" width=\"258\" height=\"173\" srcset=\"https:\/\/agora.xtec.cat\/ceipsab\/wp-content\/uploads\/usu1011\/2022\/04\/Casa-de-colonias-Mas-Banyeres.jpg 975w, https:\/\/agora.xtec.cat\/ceipsab\/wp-content\/uploads\/usu1011\/2022\/04\/Casa-de-colonias-Mas-Banyeres-300x201.jpg 300w, https:\/\/agora.xtec.cat\/ceipsab\/wp-content\/uploads\/usu1011\/2022\/04\/Casa-de-colonias-Mas-Banyeres-768x515.jpg 768w\" sizes=\"auto, (max-width: 258px) 100vw, 258px\" \/><\/a><\/p>\n<p>&nbsp;<\/p>\n<p>&nbsp;<\/p>\n<p>&nbsp;<\/p>\n","protected":false},"excerpt":{"rendered":"<p>Hola fam\u00edlies,<br \/>\nHem anat per primera vegada de col\u00f2nies i ha estat una s\u00faper experi\u00e8ncia. A la casa ens van rebre la Lizzy i el Pol, els monitors que ens van acompanyar durant tota l&#8217;estada. Vam con\u00e8ixer tamb\u00e9 al Tronqui; era el seu aniversari i ens&hellip;  <a href=\"https:\/\/agora.xtec.cat\/ceipsab\/educacio-infantil\/p5\/p5-colonies\/\" title=\"Read P5 COL\u00d2NIES\">Llegeix m\u00e9s\u00bb<\/a><\/p>\n","protected":false},"author":1,"featured_media":9086,"comment_status":"open","ping_status":"closed","sticky":false,"template":"","format":"standard","meta":{"_bbp_topic_count":0,"_bbp_reply_count":0,"_bbp_total_topic_count":0,"_bbp_total_reply_count":0,"_bbp_voice_count":0,"_bbp_anonymous_reply_count":0,"_bbp_topic_count_hidden":0,"_bbp_reply_count_hidden":0,"_bbp_forum_subforum_count":0,"footnotes":""},"categories":[62,9],"tags":[],"class_list":["post-9085","post","type-post","status-publish","format-standard","has-post-thumbnail","hentry","category-educacio-infantil","category-p5"],"post_mailing_queue_ids":[],"_links":{"self":[{"href":"https:\/\/agora.xtec.cat\/ceipsab\/wp-json\/wp\/v2\/posts\/9085","targetHints":{"allow":["GET"]}}],"collection":[{"href":"https:\/\/agora.xtec.cat\/ceipsab\/wp-json\/wp\/v2\/posts"}],"about":[{"href":"https:\/\/agora.xtec.cat\/ceipsab\/wp-json\/wp\/v2\/types\/post"}],"author":[{"embeddable":true,"href":"https:\/\/agora.xtec.cat\/ceipsab\/wp-json\/wp\/v2\/users\/1"}],"replies":[{"embeddable":true,"href":"https:\/\/agora.xtec.cat\/ceipsab\/wp-json\/wp\/v2\/comments?post=9085"}],"version-history":[{"count":3,"href":"https:\/\/agora.xtec.cat\/ceipsab\/wp-json\/wp\/v2\/posts\/9085\/revisions"}],"predecessor-version":[{"id":9089,"href":"https:\/\/agora.xtec.cat\/ceipsab\/wp-json\/wp\/v2\/posts\/9085\/revisions\/9089"}],"wp:featuredmedia":[{"embeddable":true,"href":"https:\/\/agora.xtec.cat\/ceipsab\/wp-json\/wp\/v2\/media\/9086"}],"wp:attachment":[{"href":"https:\/\/agora.xtec.cat\/ceipsab\/wp-json\/wp\/v2\/media?parent=9085"}],"wp:term":[{"taxonomy":"category","embeddable":true,"href":"https:\/\/agora.xtec.cat\/ceipsab\/wp-json\/wp\/v2\/categories?post=9085"},{"taxonomy":"post_tag","embeddable":true,"href":"https:\/\/agora.xtec.cat\/ceipsab\/wp-json\/wp\/v2\/tags?post=9085"}],"curies":[{"name":"wp","href":"https:\/\/api.w.org\/{rel}","templated":true}]}}