{"id":9048,"date":"2022-04-08T11:55:03","date_gmt":"2022-04-08T09:55:03","guid":{"rendered":"https:\/\/agora.xtec.cat\/ceipsab\/?p=9048"},"modified":"2022-04-08T11:55:03","modified_gmt":"2022-04-08T09:55:03","slug":"la-vella-quaresma-3","status":"publish","type":"post","link":"https:\/\/agora.xtec.cat\/ceipsab\/educacio-infantil\/p5\/general\/la-vella-quaresma-3\/","title":{"rendered":"La Vella Quaresma"},"content":{"rendered":"<p>Bon dia fam\u00edlies,<\/p>\n<p>Durant 7 setmanes hem gaudit de les converses de la Vella Quaresma, ens ha fet riure molt. Cada divendres, els infants de 1r i 2n hem tallat una cama\u00a0 fins que s&#8217;ha quedat sense!!! Despr\u00e9s, li cant\u00e0vem la can\u00e7\u00f3 i ball\u00e0vem tots plegats. Avui li hem tallat l&#8217;\u00faltima cama i ens hem acomiadat d&#8217;ella.<\/p>\n<p>Ja \u00e9s hora de marxar Vella Quaresma!!! Bones vacances de setmana santa.<\/p>\n<p>Teniu les fotos a l&#8217;enlla\u00e7.<\/p>\n<p>&nbsp;<\/p>\n","protected":false},"excerpt":{"rendered":"<p>7 setmanes amb la Vella Quaresma&hellip;  <a href=\"https:\/\/agora.xtec.cat\/ceipsab\/educacio-infantil\/p5\/general\/la-vella-quaresma-3\/\" title=\"Read La Vella Quaresma\">Llegeix m\u00e9s\u00bb<\/a><\/p>\n","protected":false},"author":1,"featured_media":0,"comment_status":"open","ping_status":"closed","sticky":false,"template":"","format":"standard","meta":{"_bbp_topic_count":0,"_bbp_reply_count":0,"_bbp_total_topic_count":0,"_bbp_total_reply_count":0,"_bbp_voice_count":0,"_bbp_anonymous_reply_count":0,"_bbp_topic_count_hidden":0,"_bbp_reply_count_hidden":0,"_bbp_forum_subforum_count":0,"footnotes":""},"categories":[1],"tags":[],"class_list":["post-9048","post","type-post","status-publish","format-standard","hentry","category-general"],"post_mailing_queue_ids":[],"_links":{"self":[{"href":"https:\/\/agora.xtec.cat\/ceipsab\/wp-json\/wp\/v2\/posts\/9048","targetHints":{"allow":["GET"]}}],"collection":[{"href":"https:\/\/agora.xtec.cat\/ceipsab\/wp-json\/wp\/v2\/posts"}],"about":[{"href":"https:\/\/agora.xtec.cat\/ceipsab\/wp-json\/wp\/v2\/types\/post"}],"author":[{"embeddable":true,"href":"https:\/\/agora.xtec.cat\/ceipsab\/wp-json\/wp\/v2\/users\/1"}],"replies":[{"embeddable":true,"href":"https:\/\/agora.xtec.cat\/ceipsab\/wp-json\/wp\/v2\/comments?post=9048"}],"version-history":[{"count":1,"href":"https:\/\/agora.xtec.cat\/ceipsab\/wp-json\/wp\/v2\/posts\/9048\/revisions"}],"predecessor-version":[{"id":9049,"href":"https:\/\/agora.xtec.cat\/ceipsab\/wp-json\/wp\/v2\/posts\/9048\/revisions\/9049"}],"wp:attachment":[{"href":"https:\/\/agora.xtec.cat\/ceipsab\/wp-json\/wp\/v2\/media?parent=9048"}],"wp:term":[{"taxonomy":"category","embeddable":true,"href":"https:\/\/agora.xtec.cat\/ceipsab\/wp-json\/wp\/v2\/categories?post=9048"},{"taxonomy":"post_tag","embeddable":true,"href":"https:\/\/agora.xtec.cat\/ceipsab\/wp-json\/wp\/v2\/tags?post=9048"}],"curies":[{"name":"wp","href":"https:\/\/api.w.org\/{rel}","templated":true}]}}