{"id":9039,"date":"2022-04-07T10:00:27","date_gmt":"2022-04-07T08:00:27","guid":{"rendered":"https:\/\/agora.xtec.cat\/ceipsab\/?p=9039"},"modified":"2022-04-07T10:00:27","modified_gmt":"2022-04-07T08:00:27","slug":"colonies-p5-2","status":"publish","type":"post","link":"https:\/\/agora.xtec.cat\/ceipsab\/educacio-infantil\/p5\/general\/colonies-p5-2\/","title":{"rendered":"COL\u00d2NIES P5 (2)"},"content":{"rendered":"<p>Hola fam\u00edlies!<\/p>\n<p>Els nens i nenes de P5 continuem de col\u00f2nies! Estem molt i molt b\u00e9! Ens ha encantat dormir a la casa de col\u00f2nies i llevar-nos tots junts al mat\u00ed!<\/p>\n<p>Tamb\u00e9 ens agraden molt les activitats que estem fent.<\/p>\n<p>Ens voleu veure?<\/p>\n<p><a href=\"https:\/\/photos.app.goo.gl\/nZNVvFHhL8EzdHZW6\"><img loading=\"lazy\" decoding=\"async\" class=\"\" src=\"https:\/\/lh3.googleusercontent.com\/D22I7DMNDp3w5cRNsURc5-qg2NVQ1AvqnolwzgX33OJRo83dQOOKwyDVc7gYejDyrzYslMn0sD20FlhCxq8HvLHSSRUDvqhSgxZf13s-U-ulsydtOAOdRtr2oCaFLU7dq1pzJi2gbN636r2C07i7ZjIjYKUrxDjVRP3RahLNgU8xQJTpU6vBOgXCD6c0CbV7uwWpRoFrK-YIqZ3ow0zaOqL9x7wkWRbMPHcqR_PVEB-HRBpVSMf7udnfTko4jPnBECLNie_goT3YPzUrN-vpMpEA2tgr1gkpXr_o7ylNNf1NVKXh7uakaxitkOELK4rg7wFCqMQhJNWRzry9intLbYCKkql839cNIcfI5OCz_RQSybU70Q3VlrXaW4Cc6Gt94YtP0thJ6KxA5XhNGGJFOOPW0QRUJ9O7SYUoQZoT837bH8lHz4DTsV3MHHLS3qTJI5FXVykscklnkaN-YYjl1kMEHi0J7IuuZ0z8JSoJ0CHes0rbE1WdAQizJlScjTmoHlwfh8y9CtANR6amAetjDKWW8pVOFhAhl40ejKT30M3udyuOb7qhUR18QXFKMjP1PEqe-nsxlxUmZAAmhxbieUSr_4Ow_JH_rtCDQev85g6OBTPUQxHJcqC2-BVswJLC2l-sdCvz3GL1Yrt1ySMBvHrz-FNHZT7sspcKqFJduF7VcL7S9_-LEOzI7z8gvkEYCdDHqcq_IXn_kaBmiLygMQlMJK50Z6HjBdLkW_E5PqiL_Lx-AVuIViOi1gU=w1576-h886-no?authuser=0\" width=\"479\" height=\"269\" \/><\/a><\/p>\n","protected":false},"excerpt":{"rendered":"<p>Hola fam\u00edlies!<br \/>\nEls nens i nenes de P5 continuem de col\u00f2nies! Estem molt i molt b\u00e9! Ens ha encantat dormir a la casa de col\u00f2nies i llevar-nos tots junts al mat\u00ed!<br \/>\nTamb\u00e9 ens agraden molt les activitats que estem fent.<br \/>\nEns voleu veure?<br \/>\n<a href=\"https:\/\/photos.app.goo.gl\/nZNVvFHhL8EzdHZW6\"><\/a><\/p>\n","protected":false},"author":1,"featured_media":0,"comment_status":"open","ping_status":"closed","sticky":false,"template":"","format":"standard","meta":{"_bbp_topic_count":0,"_bbp_reply_count":0,"_bbp_total_topic_count":0,"_bbp_total_reply_count":0,"_bbp_voice_count":0,"_bbp_anonymous_reply_count":0,"_bbp_topic_count_hidden":0,"_bbp_reply_count_hidden":0,"_bbp_forum_subforum_count":0,"footnotes":""},"categories":[62,1,9],"tags":[],"class_list":["post-9039","post","type-post","status-publish","format-standard","hentry","category-educacio-infantil","category-general","category-p5"],"post_mailing_queue_ids":[],"_links":{"self":[{"href":"https:\/\/agora.xtec.cat\/ceipsab\/wp-json\/wp\/v2\/posts\/9039","targetHints":{"allow":["GET"]}}],"collection":[{"href":"https:\/\/agora.xtec.cat\/ceipsab\/wp-json\/wp\/v2\/posts"}],"about":[{"href":"https:\/\/agora.xtec.cat\/ceipsab\/wp-json\/wp\/v2\/types\/post"}],"author":[{"embeddable":true,"href":"https:\/\/agora.xtec.cat\/ceipsab\/wp-json\/wp\/v2\/users\/1"}],"replies":[{"embeddable":true,"href":"https:\/\/agora.xtec.cat\/ceipsab\/wp-json\/wp\/v2\/comments?post=9039"}],"version-history":[{"count":1,"href":"https:\/\/agora.xtec.cat\/ceipsab\/wp-json\/wp\/v2\/posts\/9039\/revisions"}],"predecessor-version":[{"id":9040,"href":"https:\/\/agora.xtec.cat\/ceipsab\/wp-json\/wp\/v2\/posts\/9039\/revisions\/9040"}],"wp:attachment":[{"href":"https:\/\/agora.xtec.cat\/ceipsab\/wp-json\/wp\/v2\/media?parent=9039"}],"wp:term":[{"taxonomy":"category","embeddable":true,"href":"https:\/\/agora.xtec.cat\/ceipsab\/wp-json\/wp\/v2\/categories?post=9039"},{"taxonomy":"post_tag","embeddable":true,"href":"https:\/\/agora.xtec.cat\/ceipsab\/wp-json\/wp\/v2\/tags?post=9039"}],"curies":[{"name":"wp","href":"https:\/\/api.w.org\/{rel}","templated":true}]}}