{"id":9033,"date":"2022-05-05T09:03:50","date_gmt":"2022-05-05T07:03:50","guid":{"rendered":"https:\/\/agora.xtec.cat\/ceipsab\/?p=9033"},"modified":"2022-05-05T09:04:38","modified_gmt":"2022-05-05T07:04:38","slug":"segon-inaugura-lhort-de-lescola","status":"publish","type":"post","link":"https:\/\/agora.xtec.cat\/ceipsab\/primaria\/cicle-inicial\/2n\/segon-inaugura-lhort-de-lescola\/","title":{"rendered":"SEGON INAUGURA L&#8217;HORT DE L&#8217;ESCOLA"},"content":{"rendered":"<p><a href=\"https:\/\/photos.app.goo.gl\/ZeJmcEfbshzakQGn9\"><img loading=\"lazy\" decoding=\"async\" class=\"wp-image-9034 alignleft\" src=\"https:\/\/agora.xtec.cat\/ceipsab\/wp-content\/uploads\/usu1011\/2022\/04\/image_2017-11-01-22-45-43-59fa40873cdea-1024x883.jpg\" alt=\"\" width=\"273\" height=\"236\" srcset=\"https:\/\/agora.xtec.cat\/ceipsab\/wp-content\/uploads\/usu1011\/2022\/04\/image_2017-11-01-22-45-43-59fa40873cdea-1024x883.jpg 1024w, https:\/\/agora.xtec.cat\/ceipsab\/wp-content\/uploads\/usu1011\/2022\/04\/image_2017-11-01-22-45-43-59fa40873cdea-300x259.jpg 300w, https:\/\/agora.xtec.cat\/ceipsab\/wp-content\/uploads\/usu1011\/2022\/04\/image_2017-11-01-22-45-43-59fa40873cdea-768x662.jpg 768w, https:\/\/agora.xtec.cat\/ceipsab\/wp-content\/uploads\/usu1011\/2022\/04\/image_2017-11-01-22-45-43-59fa40873cdea.jpg 1038w\" sizes=\"auto, (max-width: 273px) 100vw, 273px\" \/><\/a><\/p>\n<p>Hola fam\u00edlies,<\/p>\n<p>Els nens i les nenes de segon vam plantar en el nostre hort les\u00a0 hortalisses que ja\u00a0 hav\u00edem sembrat al febrer. Ho vam fer perqu\u00e8 en el pots petits de iogurt no podien cr\u00e9ixer.<\/p>\n<p>Us deixem algunes fotos, aix\u00ed veureu que b\u00e9 que ho fem<\/p>\n","protected":false},"excerpt":{"rendered":"<p><a href=\"https:\/\/photos.app.goo.gl\/ZeJmcEfbshzakQGn9\"><\/a><br \/>\nHola fam\u00edlies,<br \/>\nEls nens i les nenes de segon vam plantar en el nostre hort les\u00a0 hortalisses que ja\u00a0 hav\u00edem sembrat al febrer. Ho vam fer perqu\u00e8 en el pots petits de iogurt no podien cr\u00e9ixer.<br \/>\nUs deixem algunes fotos, aix\u00ed veureu que b\u00e9 que ho&hellip;  <a href=\"https:\/\/agora.xtec.cat\/ceipsab\/primaria\/cicle-inicial\/2n\/segon-inaugura-lhort-de-lescola\/\" title=\"Read SEGON INAUGURA L&#8217;HORT DE L&#8217;ESCOLA\">Llegeix m\u00e9s\u00bb<\/a><\/p>\n","protected":false},"author":51,"featured_media":9034,"comment_status":"open","ping_status":"closed","sticky":false,"template":"","format":"standard","meta":{"_bbp_topic_count":0,"_bbp_reply_count":0,"_bbp_total_topic_count":0,"_bbp_total_reply_count":0,"_bbp_voice_count":0,"_bbp_anonymous_reply_count":0,"_bbp_topic_count_hidden":0,"_bbp_reply_count_hidden":0,"_bbp_forum_subforum_count":0,"footnotes":""},"categories":[11],"tags":[],"class_list":["post-9033","post","type-post","status-publish","format-standard","has-post-thumbnail","hentry","category-2n"],"post_mailing_queue_ids":[],"_links":{"self":[{"href":"https:\/\/agora.xtec.cat\/ceipsab\/wp-json\/wp\/v2\/posts\/9033","targetHints":{"allow":["GET"]}}],"collection":[{"href":"https:\/\/agora.xtec.cat\/ceipsab\/wp-json\/wp\/v2\/posts"}],"about":[{"href":"https:\/\/agora.xtec.cat\/ceipsab\/wp-json\/wp\/v2\/types\/post"}],"author":[{"embeddable":true,"href":"https:\/\/agora.xtec.cat\/ceipsab\/wp-json\/wp\/v2\/users\/51"}],"replies":[{"embeddable":true,"href":"https:\/\/agora.xtec.cat\/ceipsab\/wp-json\/wp\/v2\/comments?post=9033"}],"version-history":[{"count":3,"href":"https:\/\/agora.xtec.cat\/ceipsab\/wp-json\/wp\/v2\/posts\/9033\/revisions"}],"predecessor-version":[{"id":9188,"href":"https:\/\/agora.xtec.cat\/ceipsab\/wp-json\/wp\/v2\/posts\/9033\/revisions\/9188"}],"wp:featuredmedia":[{"embeddable":true,"href":"https:\/\/agora.xtec.cat\/ceipsab\/wp-json\/wp\/v2\/media\/9034"}],"wp:attachment":[{"href":"https:\/\/agora.xtec.cat\/ceipsab\/wp-json\/wp\/v2\/media?parent=9033"}],"wp:term":[{"taxonomy":"category","embeddable":true,"href":"https:\/\/agora.xtec.cat\/ceipsab\/wp-json\/wp\/v2\/categories?post=9033"},{"taxonomy":"post_tag","embeddable":true,"href":"https:\/\/agora.xtec.cat\/ceipsab\/wp-json\/wp\/v2\/tags?post=9033"}],"curies":[{"name":"wp","href":"https:\/\/api.w.org\/{rel}","templated":true}]}}