{"id":9015,"date":"2022-03-28T10:27:28","date_gmt":"2022-03-28T08:27:28","guid":{"rendered":"https:\/\/agora.xtec.cat\/ceipsab\/?p=9015"},"modified":"2022-03-28T10:31:07","modified_gmt":"2022-03-28T08:31:07","slug":"area-de-visual-i-plastica","status":"publish","type":"post","link":"https:\/\/agora.xtec.cat\/ceipsab\/primaria\/area-de-visual-i-plastica\/","title":{"rendered":"\u00c0rea de visual i pl\u00e0stica"},"content":{"rendered":"<p>Benvolgudes fam\u00edlies, som les nenes i els nens de 4t i ara explicarem com treballem a pl\u00e0stica.<\/p>\n<p>En l&#8217;\u00e0rea de pl\u00e0stica aprenem a treballar en grup, en parelles i a ser responsables. Durant els dos primers trimestres hem fet moltes coses, com investigat sobre les dones del m\u00f3n, descobert a Mondrian i ara estem fent la decoraci\u00f3 de primavera\/estiu per posar a l&#8217;entrada de l&#8217;escola.<\/p>\n<p>Ens ho passem molt b\u00e9!<\/p>\n<p><a href=\"https:\/\/photos.app.goo.gl\/UPWiMo89VcHZVkpD7\"><img loading=\"lazy\" decoding=\"async\" class=\"aligncenter wp-image-9016 size-medium\" src=\"https:\/\/agora.xtec.cat\/ceipsab\/wp-content\/uploads\/usu1011\/2022\/03\/IMG_7469-233x300.jpg\" alt=\"\" width=\"233\" height=\"300\" srcset=\"https:\/\/agora.xtec.cat\/ceipsab\/wp-content\/uploads\/usu1011\/2022\/03\/IMG_7469-233x300.jpg 233w, https:\/\/agora.xtec.cat\/ceipsab\/wp-content\/uploads\/usu1011\/2022\/03\/IMG_7469-797x1024.jpg 797w, https:\/\/agora.xtec.cat\/ceipsab\/wp-content\/uploads\/usu1011\/2022\/03\/IMG_7469-768x987.jpg 768w, https:\/\/agora.xtec.cat\/ceipsab\/wp-content\/uploads\/usu1011\/2022\/03\/IMG_7469.jpg 828w\" sizes=\"auto, (max-width: 233px) 100vw, 233px\" \/><\/a><\/p>\n<p>&nbsp;<\/p>\n","protected":false},"excerpt":{"rendered":"<p>Benvolgudes fam\u00edlies, som les nenes i els nens de 4t i ara explicarem com treballem a pl\u00e0stica.<br \/>\nEn l&#8217;\u00e0rea de pl\u00e0stica aprenem a treballar en grup, en parelles i a ser responsables. Durant els dos primers trimestres hem fet moltes coses, com investigat sobre les dones&hellip;  <a href=\"https:\/\/agora.xtec.cat\/ceipsab\/primaria\/area-de-visual-i-plastica\/\" title=\"Read \u00c0rea de visual i pl\u00e0stica\">Llegeix m\u00e9s\u00bb<\/a><\/p>\n","protected":false},"author":1,"featured_media":9016,"comment_status":"open","ping_status":"closed","sticky":false,"template":"","format":"standard","meta":{"_bbp_topic_count":0,"_bbp_reply_count":0,"_bbp_total_topic_count":0,"_bbp_total_reply_count":0,"_bbp_voice_count":0,"_bbp_anonymous_reply_count":0,"_bbp_topic_count_hidden":0,"_bbp_reply_count_hidden":0,"_bbp_forum_subforum_count":0,"footnotes":""},"categories":[13,64,5],"tags":[],"class_list":["post-9015","post","type-post","status-publish","format-standard","has-post-thumbnail","hentry","category-4t","category-cicle-mitja","category-primaria"],"post_mailing_queue_ids":[],"_links":{"self":[{"href":"https:\/\/agora.xtec.cat\/ceipsab\/wp-json\/wp\/v2\/posts\/9015","targetHints":{"allow":["GET"]}}],"collection":[{"href":"https:\/\/agora.xtec.cat\/ceipsab\/wp-json\/wp\/v2\/posts"}],"about":[{"href":"https:\/\/agora.xtec.cat\/ceipsab\/wp-json\/wp\/v2\/types\/post"}],"author":[{"embeddable":true,"href":"https:\/\/agora.xtec.cat\/ceipsab\/wp-json\/wp\/v2\/users\/1"}],"replies":[{"embeddable":true,"href":"https:\/\/agora.xtec.cat\/ceipsab\/wp-json\/wp\/v2\/comments?post=9015"}],"version-history":[{"count":2,"href":"https:\/\/agora.xtec.cat\/ceipsab\/wp-json\/wp\/v2\/posts\/9015\/revisions"}],"predecessor-version":[{"id":9018,"href":"https:\/\/agora.xtec.cat\/ceipsab\/wp-json\/wp\/v2\/posts\/9015\/revisions\/9018"}],"wp:featuredmedia":[{"embeddable":true,"href":"https:\/\/agora.xtec.cat\/ceipsab\/wp-json\/wp\/v2\/media\/9016"}],"wp:attachment":[{"href":"https:\/\/agora.xtec.cat\/ceipsab\/wp-json\/wp\/v2\/media?parent=9015"}],"wp:term":[{"taxonomy":"category","embeddable":true,"href":"https:\/\/agora.xtec.cat\/ceipsab\/wp-json\/wp\/v2\/categories?post=9015"},{"taxonomy":"post_tag","embeddable":true,"href":"https:\/\/agora.xtec.cat\/ceipsab\/wp-json\/wp\/v2\/tags?post=9015"}],"curies":[{"name":"wp","href":"https:\/\/api.w.org\/{rel}","templated":true}]}}