{"id":9006,"date":"2022-03-25T16:58:15","date_gmt":"2022-03-25T15:58:15","guid":{"rendered":"https:\/\/agora.xtec.cat\/ceipsab\/?p=9006"},"modified":"2022-03-25T16:59:10","modified_gmt":"2022-03-25T15:59:10","slug":"6e-va-de-sortida-al-poble-espanyol","status":"publish","type":"post","link":"https:\/\/agora.xtec.cat\/ceipsab\/educacio-infantil\/p5\/general\/6e-va-de-sortida-al-poble-espanyol\/","title":{"rendered":"6\u00e8 va de sortida al Poble Espanyol"},"content":{"rendered":"<p>El passat 9 de mar\u00e7 vam anar d&#8217;excursi\u00f3 al Poble Espanyol que es troba a Barcelona. Va ser la primera vegada que feiem una sortida en tren i va anar molt b\u00e9.<\/p>\n<p>Abans d&#8217;anar a fer l&#8217;activitat vam intentar fer una gimcana a la zona de Montjuic, per\u00f2 per culpa de la pluja la vam haver d&#8217;anul\u00b7lar just quan hav\u00edem comen\u00e7at. Un cop va afluixar una mica la pluja ens vam dirigir cap el Poble Espanyol on a l&#8217;arribar vam tenir una estona lliure per visitar el lloc. Vam poder veure diferents botigues i tallers d&#8217;artesans. Despr\u00e9s vam fer l&#8217;activitat de vitrofusi\u00f3 en la que ens van ensenyar com decorar un vidre amb altres vidres m\u00e9s petits. Ara estem esperant que ens arribin les nostres creacions!<\/p>\n<p>Si voleu veure algunes fotos d&#8217;aquell dia feu clic a la imatge.<\/p>\n<p>&nbsp;<\/p>\n<p><a href=\"https:\/\/photos.app.goo.gl\/DW3mexQgCGQDkjXU8\"><img loading=\"lazy\" decoding=\"async\" class=\"aligncenter\" src=\"https:\/\/encrypted-tbn0.gstatic.com\/images?q=tbn:ANd9GcQ7dokXbv4Yy3qCNZNJfq1htNAoZEn7OPYROkF0_XvVMU3foXqOZroIJ-UK_xpSfwUvNYc&amp;usqp=CAU\" alt=\"Arxius de \u00c1vila - Poble Espanyol\" width=\"269\" height=\"269\" \/><\/a><\/p>\n","protected":false},"excerpt":{"rendered":"<p>El passat 9 de mar\u00e7 vam anar d&#8217;excursi\u00f3 al Poble Espanyol que es troba a Barcelona. Va ser la primera vegada que feiem una sortida en tren i va anar molt b\u00e9.<br \/>\nAbans d&#8217;anar a fer l&#8217;activitat vam intentar fer una gimcana a la zona de&hellip;  <a href=\"https:\/\/agora.xtec.cat\/ceipsab\/educacio-infantil\/p5\/general\/6e-va-de-sortida-al-poble-espanyol\/\" title=\"Read 6\u00e8 va de sortida al Poble Espanyol\">Llegeix m\u00e9s\u00bb<\/a><\/p>\n","protected":false},"author":56,"featured_media":0,"comment_status":"open","ping_status":"closed","sticky":false,"template":"","format":"standard","meta":{"_bbp_topic_count":0,"_bbp_reply_count":0,"_bbp_total_topic_count":0,"_bbp_total_reply_count":0,"_bbp_voice_count":0,"_bbp_anonymous_reply_count":0,"_bbp_topic_count_hidden":0,"_bbp_reply_count_hidden":0,"_bbp_forum_subforum_count":0,"footnotes":""},"categories":[15,1],"tags":[],"class_list":["post-9006","post","type-post","status-publish","format-standard","hentry","category-6e","category-general"],"post_mailing_queue_ids":[],"_links":{"self":[{"href":"https:\/\/agora.xtec.cat\/ceipsab\/wp-json\/wp\/v2\/posts\/9006","targetHints":{"allow":["GET"]}}],"collection":[{"href":"https:\/\/agora.xtec.cat\/ceipsab\/wp-json\/wp\/v2\/posts"}],"about":[{"href":"https:\/\/agora.xtec.cat\/ceipsab\/wp-json\/wp\/v2\/types\/post"}],"author":[{"embeddable":true,"href":"https:\/\/agora.xtec.cat\/ceipsab\/wp-json\/wp\/v2\/users\/56"}],"replies":[{"embeddable":true,"href":"https:\/\/agora.xtec.cat\/ceipsab\/wp-json\/wp\/v2\/comments?post=9006"}],"version-history":[{"count":1,"href":"https:\/\/agora.xtec.cat\/ceipsab\/wp-json\/wp\/v2\/posts\/9006\/revisions"}],"predecessor-version":[{"id":9007,"href":"https:\/\/agora.xtec.cat\/ceipsab\/wp-json\/wp\/v2\/posts\/9006\/revisions\/9007"}],"wp:attachment":[{"href":"https:\/\/agora.xtec.cat\/ceipsab\/wp-json\/wp\/v2\/media?parent=9006"}],"wp:term":[{"taxonomy":"category","embeddable":true,"href":"https:\/\/agora.xtec.cat\/ceipsab\/wp-json\/wp\/v2\/categories?post=9006"},{"taxonomy":"post_tag","embeddable":true,"href":"https:\/\/agora.xtec.cat\/ceipsab\/wp-json\/wp\/v2\/tags?post=9006"}],"curies":[{"name":"wp","href":"https:\/\/api.w.org\/{rel}","templated":true}]}}