{"id":8942,"date":"2022-03-03T16:07:30","date_gmt":"2022-03-03T15:07:30","guid":{"rendered":"https:\/\/agora.xtec.cat\/ceipsab\/?p=8942"},"modified":"2022-03-03T16:07:30","modified_gmt":"2022-03-03T15:07:30","slug":"setmana-carnestoltes-2","status":"publish","type":"post","link":"https:\/\/agora.xtec.cat\/ceipsab\/educacio-infantil\/p4\/setmana-carnestoltes-2\/","title":{"rendered":"SETMANA CARNESTOLTES!"},"content":{"rendered":"<p>Hola fam\u00edlies!<\/p>\n<p>La setmana del Carnestoltes va ser una setmana molt divertida! Els nens i les nenes de P4 ens ho vam passar molt b\u00e9 amb les consignes i amb les bromes que ens feia el Carnestoltes cada mat\u00ed quan arrib\u00e0vem a la classe!<\/p>\n<p>Va ser una festa molt divertida! Ens voleu veure?<\/p>\n<p>P4A (Cliqueu per veure m\u00e9s fotografies)<\/p>\n<p><a href=\"https:\/\/photos.app.goo.gl\/SsUZhdCwgvgNJetc6\"><img loading=\"lazy\" decoding=\"async\" class=\"\" src=\"https:\/\/lh3.googleusercontent.com\/pw\/AM-JKLXBIEZwiVTnflpfKTEls0vPjJaYiP_2EQnKYmExeoC8iYoxEmqCuLqtxPU48Evg5vwrBJaRlyJ0izZnGP7q1qTYkYOZwCv78f-wGxjNZuRyPB82XEBKvATu2yOj1gQOw7DpxGIZDNxzSraXSEv92bsQ=w1238-h928-no?authuser=0\" width=\"434\" height=\"325\" \/><\/a><\/p>\n<p>&nbsp;<\/p>\n<p>P4B(Cliqueu per veure m\u00e9s fotografies)<\/p>\n<p><a href=\"https:\/\/photos.app.goo.gl\/R1hrXq65sXGgx5uC8\"><img loading=\"lazy\" decoding=\"async\" class=\"\" src=\"https:\/\/lh3.googleusercontent.com\/UkxW2xUIdgK8_QhYyT_P46Di_po2wa_hDGc_8DBIQoP3fos2U1eEkl2ozQTWq99Yz8qblcvjCTtHHya1fDdvIrdgbP18LVTlu6529eqzegHjbCRVV_EQc8Rx86ZFcQFsjaZdT8yVte34NOr_kS_w5K5xNKUaF2KjjXYIpsaqljG0Acjbl4OqkJC3xu7M2AiqS6wLY3YKBDaK7BYVQuZY7TUvOUI7y-yK-6h73JU-oZD_qWgKB_x5Hyr2RPH1_P1LgX1eTeb1ksrHnWe1HHneP-tmdVVUtf1SPVTqjFyNAs6437HLny36wsg9uKto5POMorV1mEVqhoweCi7C1w3l5l3JhQxmDdiT4mGVfZEUIxbO19orU7Pw7-uXBwTyTcTgwV-RfdJXwbep_A5vnT5PQVCK8x0vLLnVtnFvPEKeNwmtdF9vbiI4xWQ_WD_RQFa_ZC5QLXYE2M574rZ8Bt5Z_qmEGOyir1QC1ePtV7xLwiDUeL6j4RpxTiy_y2fmi6KM61MPGP0GRRCDeXQaHM2tsqdxmoekDur0ADzfEuO8R5GL4QHZGznJFSB6Cdf659Y0E3RI_SLbE9gJNGxBtGBoMQlzmUeWxTvl8S2HwJFItsxLYOBrsHHF-PcM0GGJEDl31jqC-hZzZ-Y0pGj_W0akKI3MPeBrJZJKTVQuiDcSyMThFhFYpcaXo2UZR4-2aEYq28BdpyTFcER3IUlaV1OLL3YB=w1238-h928-no?authuser=0\" width=\"437\" height=\"327\" \/><\/a><\/p>\n<p>&nbsp;<\/p>\n<p>&nbsp;<\/p>\n<p>&nbsp;<\/p>\n","protected":false},"excerpt":{"rendered":"<p>Hola fam\u00edlies!<br \/>\nLa setmana del Carnestoltes va ser una setmana molt divertida! Els nens i les nenes de P4 ens ho vam passar molt b\u00e9 amb les consignes i amb les bromes que ens feia el Carnestoltes cada mat\u00ed quan arrib\u00e0vem a la classe!<br \/>\nVa ser una&hellip;  <a href=\"https:\/\/agora.xtec.cat\/ceipsab\/educacio-infantil\/p4\/setmana-carnestoltes-2\/\" title=\"Read SETMANA CARNESTOLTES!\">Llegeix m\u00e9s\u00bb<\/a><\/p>\n","protected":false},"author":1,"featured_media":0,"comment_status":"open","ping_status":"closed","sticky":false,"template":"","format":"standard","meta":{"_bbp_topic_count":0,"_bbp_reply_count":0,"_bbp_total_topic_count":0,"_bbp_total_reply_count":0,"_bbp_voice_count":0,"_bbp_anonymous_reply_count":0,"_bbp_topic_count_hidden":0,"_bbp_reply_count_hidden":0,"_bbp_forum_subforum_count":0,"footnotes":""},"categories":[62,8],"tags":[],"class_list":["post-8942","post","type-post","status-publish","format-standard","hentry","category-educacio-infantil","category-p4"],"post_mailing_queue_ids":[],"_links":{"self":[{"href":"https:\/\/agora.xtec.cat\/ceipsab\/wp-json\/wp\/v2\/posts\/8942","targetHints":{"allow":["GET"]}}],"collection":[{"href":"https:\/\/agora.xtec.cat\/ceipsab\/wp-json\/wp\/v2\/posts"}],"about":[{"href":"https:\/\/agora.xtec.cat\/ceipsab\/wp-json\/wp\/v2\/types\/post"}],"author":[{"embeddable":true,"href":"https:\/\/agora.xtec.cat\/ceipsab\/wp-json\/wp\/v2\/users\/1"}],"replies":[{"embeddable":true,"href":"https:\/\/agora.xtec.cat\/ceipsab\/wp-json\/wp\/v2\/comments?post=8942"}],"version-history":[{"count":1,"href":"https:\/\/agora.xtec.cat\/ceipsab\/wp-json\/wp\/v2\/posts\/8942\/revisions"}],"predecessor-version":[{"id":8943,"href":"https:\/\/agora.xtec.cat\/ceipsab\/wp-json\/wp\/v2\/posts\/8942\/revisions\/8943"}],"wp:attachment":[{"href":"https:\/\/agora.xtec.cat\/ceipsab\/wp-json\/wp\/v2\/media?parent=8942"}],"wp:term":[{"taxonomy":"category","embeddable":true,"href":"https:\/\/agora.xtec.cat\/ceipsab\/wp-json\/wp\/v2\/categories?post=8942"},{"taxonomy":"post_tag","embeddable":true,"href":"https:\/\/agora.xtec.cat\/ceipsab\/wp-json\/wp\/v2\/tags?post=8942"}],"curies":[{"name":"wp","href":"https:\/\/api.w.org\/{rel}","templated":true}]}}