{"id":8884,"date":"2022-02-28T11:16:09","date_gmt":"2022-02-28T10:16:09","guid":{"rendered":"https:\/\/agora.xtec.cat\/ceipsab\/?p=8884"},"modified":"2022-02-28T11:16:09","modified_gmt":"2022-02-28T10:16:09","slug":"p5-carnaval-carnaval","status":"publish","type":"post","link":"https:\/\/agora.xtec.cat\/ceipsab\/educacio-infantil\/p5\/p5-carnaval-carnaval\/","title":{"rendered":"P5- CARNAVAL, CARNAVAL&#8230;"},"content":{"rendered":"<p>Fam\u00edlies,<\/p>\n<p>Tota aquesta setmana ha estat una gran bogeria!! Des de que vam rebre al Rei Carnestoltes, que no va parar la diversi\u00f3 a l&#8217;escola. Vam seguir totes les consignes que ens havia donat i, per fi, divendres el dia de la gran festa i balls vam venir amb la nostra disfressa preferida , vam ballar la can\u00e7\u00f3 &#8220;La vida es un carnaval&#8221; davant dels nostres companys i ho vam fer molt b\u00e9!<\/p>\n<p>Per\u00f2 no nom\u00e9s aix\u00f2!! A la classe ens va fer moltes entremaliadures, havia tirat les taules i cadires, ens va deixar tot de paper de vater tirat, va agafar les nostres bates i les va tirar per la classe, fins i tot un dia ens va llen\u00e7ar tot el material per terra.<\/p>\n<p>Aaaiiixx Carnestoltes com ens ho vas fer passar de b\u00e9!!! Fins el proper curs!!<\/p>\n<p><a href=\"https:\/\/photos.app.goo.gl\/a1f98McK7p79SpPG7\"><img loading=\"lazy\" decoding=\"async\" class=\"alignnone wp-image-8886\" src=\"https:\/\/agora.xtec.cat\/ceipsab\/wp-content\/uploads\/usu1011\/2022\/02\/CARNAVAL-BOLC-2.jpg\" alt=\"\" width=\"261\" height=\"118\" srcset=\"https:\/\/agora.xtec.cat\/ceipsab\/wp-content\/uploads\/usu1011\/2022\/02\/CARNAVAL-BOLC-2.jpg 511w, https:\/\/agora.xtec.cat\/ceipsab\/wp-content\/uploads\/usu1011\/2022\/02\/CARNAVAL-BOLC-2-300x136.jpg 300w\" sizes=\"auto, (max-width: 261px) 100vw, 261px\" \/><\/a><\/p>\n<p>&nbsp;<\/p>\n","protected":false},"excerpt":{"rendered":"<p>Fam\u00edlies,<br \/>\nTota aquesta setmana ha estat una gran bogeria!! Des de que vam rebre al Rei Carnestoltes, que no va parar la diversi\u00f3 a l&#8217;escola. Vam seguir totes les consignes que ens havia donat i, per fi, divendres el dia de la gran festa i balls&hellip;  <a href=\"https:\/\/agora.xtec.cat\/ceipsab\/educacio-infantil\/p5\/p5-carnaval-carnaval\/\" title=\"Read P5- CARNAVAL, CARNAVAL&#8230;\">Llegeix m\u00e9s\u00bb<\/a><\/p>\n","protected":false},"author":1,"featured_media":8885,"comment_status":"open","ping_status":"closed","sticky":false,"template":"","format":"standard","meta":{"_bbp_topic_count":0,"_bbp_reply_count":0,"_bbp_total_topic_count":0,"_bbp_total_reply_count":0,"_bbp_voice_count":0,"_bbp_anonymous_reply_count":0,"_bbp_topic_count_hidden":0,"_bbp_reply_count_hidden":0,"_bbp_forum_subforum_count":0,"footnotes":""},"categories":[62,9],"tags":[],"class_list":["post-8884","post","type-post","status-publish","format-standard","has-post-thumbnail","hentry","category-educacio-infantil","category-p5"],"post_mailing_queue_ids":[],"_links":{"self":[{"href":"https:\/\/agora.xtec.cat\/ceipsab\/wp-json\/wp\/v2\/posts\/8884","targetHints":{"allow":["GET"]}}],"collection":[{"href":"https:\/\/agora.xtec.cat\/ceipsab\/wp-json\/wp\/v2\/posts"}],"about":[{"href":"https:\/\/agora.xtec.cat\/ceipsab\/wp-json\/wp\/v2\/types\/post"}],"author":[{"embeddable":true,"href":"https:\/\/agora.xtec.cat\/ceipsab\/wp-json\/wp\/v2\/users\/1"}],"replies":[{"embeddable":true,"href":"https:\/\/agora.xtec.cat\/ceipsab\/wp-json\/wp\/v2\/comments?post=8884"}],"version-history":[{"count":3,"href":"https:\/\/agora.xtec.cat\/ceipsab\/wp-json\/wp\/v2\/posts\/8884\/revisions"}],"predecessor-version":[{"id":8890,"href":"https:\/\/agora.xtec.cat\/ceipsab\/wp-json\/wp\/v2\/posts\/8884\/revisions\/8890"}],"wp:featuredmedia":[{"embeddable":true,"href":"https:\/\/agora.xtec.cat\/ceipsab\/wp-json\/wp\/v2\/media\/8885"}],"wp:attachment":[{"href":"https:\/\/agora.xtec.cat\/ceipsab\/wp-json\/wp\/v2\/media?parent=8884"}],"wp:term":[{"taxonomy":"category","embeddable":true,"href":"https:\/\/agora.xtec.cat\/ceipsab\/wp-json\/wp\/v2\/categories?post=8884"},{"taxonomy":"post_tag","embeddable":true,"href":"https:\/\/agora.xtec.cat\/ceipsab\/wp-json\/wp\/v2\/tags?post=8884"}],"curies":[{"name":"wp","href":"https:\/\/api.w.org\/{rel}","templated":true}]}}