{"id":8862,"date":"2022-02-28T11:16:43","date_gmt":"2022-02-28T10:16:43","guid":{"rendered":"https:\/\/agora.xtec.cat\/ceipsab\/?p=8862"},"modified":"2022-02-28T11:16:43","modified_gmt":"2022-02-28T10:16:43","slug":"p5-arbres-dhivern","status":"publish","type":"post","link":"https:\/\/agora.xtec.cat\/ceipsab\/educacio-infantil\/p5\/p5-arbres-dhivern\/","title":{"rendered":"P5-ARBRES D&#8217;HIVERN"},"content":{"rendered":"<p>Hola fam\u00edlies!<\/p>\n<p>Fa unes setmanes vam sortir al pati de l&#8217;escola a observar que els hi havia passat als arbres que tenim i ens vam adonar que havien perdut les fulles i els vam dibuixar a la sorra. A l&#8217;hora de pl\u00e0stica vam fer uns arbres d&#8217;hivern inspirats als de l&#8217;escola. Vam estirar paper d&#8217;embalar al terra i vam fer esquitxades de pintura amb les tonalitats dels colors de l&#8217;hivern. Ens va encantar!!<\/p>\n<p>Despres amb papel d&#8217;alumini vam preparar les branques dels arbres fent xurros i tamb\u00e9 un de m\u00e9s gran per a fer el tronc. Finalment vam tallar un tro\u00e7 del paper d&#8217;embalar que hav\u00edem decorat per cadasc\u00fa i vam muntar el nostre arbre. Han quedat preciossos. Ens voleu veure??<\/p>\n<p>P5-A<\/p>\n<p><a href=\"https:\/\/photos.app.goo.gl\/xNh4fPrdEUTF4Nqf8\"><img loading=\"lazy\" decoding=\"async\" class=\"alignnone wp-image-8865\" src=\"https:\/\/agora.xtec.cat\/ceipsab\/wp-content\/uploads\/usu1011\/2022\/02\/P5-A-1024x708.jpg\" alt=\"\" width=\"242\" height=\"167\" srcset=\"https:\/\/agora.xtec.cat\/ceipsab\/wp-content\/uploads\/usu1011\/2022\/02\/P5-A-1024x708.jpg 1024w, https:\/\/agora.xtec.cat\/ceipsab\/wp-content\/uploads\/usu1011\/2022\/02\/P5-A-300x207.jpg 300w, https:\/\/agora.xtec.cat\/ceipsab\/wp-content\/uploads\/usu1011\/2022\/02\/P5-A-768x531.jpg 768w, https:\/\/agora.xtec.cat\/ceipsab\/wp-content\/uploads\/usu1011\/2022\/02\/P5-A-1536x1062.jpg 1536w, https:\/\/agora.xtec.cat\/ceipsab\/wp-content\/uploads\/usu1011\/2022\/02\/P5-A.jpg 1842w\" sizes=\"auto, (max-width: 242px) 100vw, 242px\" \/><\/a><\/p>\n<p>P5-B<\/p>\n<p><a href=\"https:\/\/photos.app.goo.gl\/xcaGyRzGpb2VtvkTA\"><img loading=\"lazy\" decoding=\"async\" class=\"alignnone wp-image-8866\" src=\"https:\/\/agora.xtec.cat\/ceipsab\/wp-content\/uploads\/usu1011\/2022\/02\/P5-B-1024x737.jpg\" alt=\"\" width=\"245\" height=\"177\" srcset=\"https:\/\/agora.xtec.cat\/ceipsab\/wp-content\/uploads\/usu1011\/2022\/02\/P5-B-1024x737.jpg 1024w, https:\/\/agora.xtec.cat\/ceipsab\/wp-content\/uploads\/usu1011\/2022\/02\/P5-B-300x216.jpg 300w, https:\/\/agora.xtec.cat\/ceipsab\/wp-content\/uploads\/usu1011\/2022\/02\/P5-B-768x553.jpg 768w, https:\/\/agora.xtec.cat\/ceipsab\/wp-content\/uploads\/usu1011\/2022\/02\/P5-B-1536x1106.jpg 1536w, https:\/\/agora.xtec.cat\/ceipsab\/wp-content\/uploads\/usu1011\/2022\/02\/P5-B.jpg 1729w\" sizes=\"auto, (max-width: 245px) 100vw, 245px\" \/><\/a><\/p>\n<p>&nbsp;<\/p>\n<p>&nbsp;<\/p>\n<p>&nbsp;<\/p>\n","protected":false},"excerpt":{"rendered":"<p>Hola fam\u00edlies!<br \/>\nFa unes setmanes vam sortir al pati de l&#8217;escola a observar que els hi havia passat als arbres que tenim i ens vam adonar que havien perdut les fulles i els vam dibuixar a la sorra. A l&#8217;hora de pl\u00e0stica vam fer uns arbres&hellip;  <a href=\"https:\/\/agora.xtec.cat\/ceipsab\/educacio-infantil\/p5\/p5-arbres-dhivern\/\" title=\"Read P5-ARBRES D&#8217;HIVERN\">Llegeix m\u00e9s\u00bb<\/a><\/p>\n","protected":false},"author":1,"featured_media":8864,"comment_status":"open","ping_status":"closed","sticky":false,"template":"","format":"standard","meta":{"_bbp_topic_count":0,"_bbp_reply_count":0,"_bbp_total_topic_count":0,"_bbp_total_reply_count":0,"_bbp_voice_count":0,"_bbp_anonymous_reply_count":0,"_bbp_topic_count_hidden":0,"_bbp_reply_count_hidden":0,"_bbp_forum_subforum_count":0,"footnotes":""},"categories":[62,9],"tags":[],"class_list":["post-8862","post","type-post","status-publish","format-standard","has-post-thumbnail","hentry","category-educacio-infantil","category-p5"],"post_mailing_queue_ids":[],"_links":{"self":[{"href":"https:\/\/agora.xtec.cat\/ceipsab\/wp-json\/wp\/v2\/posts\/8862","targetHints":{"allow":["GET"]}}],"collection":[{"href":"https:\/\/agora.xtec.cat\/ceipsab\/wp-json\/wp\/v2\/posts"}],"about":[{"href":"https:\/\/agora.xtec.cat\/ceipsab\/wp-json\/wp\/v2\/types\/post"}],"author":[{"embeddable":true,"href":"https:\/\/agora.xtec.cat\/ceipsab\/wp-json\/wp\/v2\/users\/1"}],"replies":[{"embeddable":true,"href":"https:\/\/agora.xtec.cat\/ceipsab\/wp-json\/wp\/v2\/comments?post=8862"}],"version-history":[{"count":3,"href":"https:\/\/agora.xtec.cat\/ceipsab\/wp-json\/wp\/v2\/posts\/8862\/revisions"}],"predecessor-version":[{"id":8883,"href":"https:\/\/agora.xtec.cat\/ceipsab\/wp-json\/wp\/v2\/posts\/8862\/revisions\/8883"}],"wp:featuredmedia":[{"embeddable":true,"href":"https:\/\/agora.xtec.cat\/ceipsab\/wp-json\/wp\/v2\/media\/8864"}],"wp:attachment":[{"href":"https:\/\/agora.xtec.cat\/ceipsab\/wp-json\/wp\/v2\/media?parent=8862"}],"wp:term":[{"taxonomy":"category","embeddable":true,"href":"https:\/\/agora.xtec.cat\/ceipsab\/wp-json\/wp\/v2\/categories?post=8862"},{"taxonomy":"post_tag","embeddable":true,"href":"https:\/\/agora.xtec.cat\/ceipsab\/wp-json\/wp\/v2\/tags?post=8862"}],"curies":[{"name":"wp","href":"https:\/\/api.w.org\/{rel}","templated":true}]}}