{"id":8842,"date":"2022-02-23T18:39:02","date_gmt":"2022-02-23T17:39:02","guid":{"rendered":"https:\/\/agora.xtec.cat\/ceipsab\/?p=8842"},"modified":"2022-02-23T18:42:25","modified_gmt":"2022-02-23T17:42:25","slug":"taller-de-percussio-africana-a-4t","status":"publish","type":"post","link":"https:\/\/agora.xtec.cat\/ceipsab\/primaria\/cicle-mitja\/4t\/taller-de-percussio-africana-a-4t\/","title":{"rendered":"TALLER DE PERCUSSI\u00d3 AFRICANA A 4t"},"content":{"rendered":"<p><span style=\"font-weight: 400;\">El dimarts 8 de febrer de 2022, els alumnes de 4t de l\u2019escola van assistir al gimn\u00e0s per fer un taller de percussi\u00f3 musical africana.\u00a0<\/span><\/p>\n<p><span style=\"font-weight: 400;\">La sessi\u00f3 va comen\u00e7ar amb l\u2019explicaci\u00f3 de tots els instruments. El m\u00fasic encarregat del taller va cantar una can\u00e7\u00f3 africana que parlava de la hist\u00f2ria d\u2019una nena que vivia en una tribu, parlava del respecte cap els animals i la natura. A continuaci\u00f3 va triar a tres alumnes del grup que tenien nocions musicals, tocaven o havien tocat algun instrument i els va fer tocar un tambor gran i allargat.<\/span><\/p>\n<p><span style=\"font-weight: 400;\">Despr\u00e9s tots els alumnes van agafar un djemb\u00e9 i van tocar junts una can\u00e7\u00f3. Va ser una activitat molt divertida on van fer can\u00e7ons, jocs de ritmes, picar i tocar r\u00e0pid\/lent el djemb\u00e9.\u00a0<\/span><\/p>\n<p><span style=\"font-weight: 400;\">Fins aqu\u00ed la nostra not\u00edcia, esperem que aquest taller es torni a repetir. \u00a0<\/span><\/p>\n<p><a href=\"https:\/\/photos.app.goo.gl\/ktMnErxcoVvA1VGD6\"><img loading=\"lazy\" decoding=\"async\" class=\"aligncenter wp-image-8843\" src=\"https:\/\/agora.xtec.cat\/ceipsab\/wp-content\/uploads\/usu1011\/2022\/02\/220px-Lenke_djembe_from_Mali.jpeg\" alt=\"\" width=\"139\" height=\"209\" srcset=\"https:\/\/agora.xtec.cat\/ceipsab\/wp-content\/uploads\/usu1011\/2022\/02\/220px-Lenke_djembe_from_Mali.jpeg 220w, https:\/\/agora.xtec.cat\/ceipsab\/wp-content\/uploads\/usu1011\/2022\/02\/220px-Lenke_djembe_from_Mali-200x300.jpeg 200w\" sizes=\"auto, (max-width: 139px) 100vw, 139px\" \/><\/a><\/p>\n","protected":false},"excerpt":{"rendered":"<p>El dimarts 8 de febrer de 2022, els alumnes de 4t de l\u2019escola van assistir al gimn\u00e0s per fer un taller de percussi\u00f3 musical africana.\u00a0<br \/>\nLa sessi\u00f3 va comen\u00e7ar amb l\u2019explicaci\u00f3 de tots els instruments. El m\u00fasic encarregat del taller va cantar una can\u00e7\u00f3 africana que&hellip;  <a href=\"https:\/\/agora.xtec.cat\/ceipsab\/primaria\/cicle-mitja\/4t\/taller-de-percussio-africana-a-4t\/\" title=\"Read TALLER DE PERCUSSI\u00d3 AFRICANA A 4t\">Llegeix m\u00e9s\u00bb<\/a><\/p>\n","protected":false},"author":1,"featured_media":0,"comment_status":"closed","ping_status":"closed","sticky":false,"template":"","format":"standard","meta":{"_bbp_topic_count":0,"_bbp_reply_count":0,"_bbp_total_topic_count":0,"_bbp_total_reply_count":0,"_bbp_voice_count":0,"_bbp_anonymous_reply_count":0,"_bbp_topic_count_hidden":0,"_bbp_reply_count_hidden":0,"_bbp_forum_subforum_count":0,"footnotes":""},"categories":[13,64,358],"tags":[96,104,175,356],"class_list":["post-8842","post","type-post","status-publish","format-standard","hentry","category-4t","category-cicle-mitja","category-musica","tag-4t","tag-ciclemitja","tag-musica","tag-percussio"],"post_mailing_queue_ids":[],"_links":{"self":[{"href":"https:\/\/agora.xtec.cat\/ceipsab\/wp-json\/wp\/v2\/posts\/8842","targetHints":{"allow":["GET"]}}],"collection":[{"href":"https:\/\/agora.xtec.cat\/ceipsab\/wp-json\/wp\/v2\/posts"}],"about":[{"href":"https:\/\/agora.xtec.cat\/ceipsab\/wp-json\/wp\/v2\/types\/post"}],"author":[{"embeddable":true,"href":"https:\/\/agora.xtec.cat\/ceipsab\/wp-json\/wp\/v2\/users\/1"}],"replies":[{"embeddable":true,"href":"https:\/\/agora.xtec.cat\/ceipsab\/wp-json\/wp\/v2\/comments?post=8842"}],"version-history":[{"count":2,"href":"https:\/\/agora.xtec.cat\/ceipsab\/wp-json\/wp\/v2\/posts\/8842\/revisions"}],"predecessor-version":[{"id":8845,"href":"https:\/\/agora.xtec.cat\/ceipsab\/wp-json\/wp\/v2\/posts\/8842\/revisions\/8845"}],"wp:attachment":[{"href":"https:\/\/agora.xtec.cat\/ceipsab\/wp-json\/wp\/v2\/media?parent=8842"}],"wp:term":[{"taxonomy":"category","embeddable":true,"href":"https:\/\/agora.xtec.cat\/ceipsab\/wp-json\/wp\/v2\/categories?post=8842"},{"taxonomy":"post_tag","embeddable":true,"href":"https:\/\/agora.xtec.cat\/ceipsab\/wp-json\/wp\/v2\/tags?post=8842"}],"curies":[{"name":"wp","href":"https:\/\/api.w.org\/{rel}","templated":true}]}}