{"id":8826,"date":"2022-02-18T08:43:32","date_gmt":"2022-02-18T07:43:32","guid":{"rendered":"https:\/\/agora.xtec.cat\/ceipsab\/?p=8826"},"modified":"2022-05-04T10:07:00","modified_gmt":"2022-05-04T08:07:00","slug":"portes-obertes-coneix-la-nostra-escola","status":"publish","type":"post","link":"https:\/\/agora.xtec.cat\/ceipsab\/portada\/portes-obertes-coneix-la-nostra-escola\/","title":{"rendered":"Portes obertes. Coneix la nostra escola."},"content":{"rendered":"<p>Benvolgudes fam\u00edlies,<\/p>\n<p>Si esteu interessats a con\u00e8ixer la nostra escola, no us perdeu aquests v\u00eddeos!!!<\/p>\n<p>Per poder familiaritzar-vos amb les nostres instal\u00b7lacions, metodologia, con\u00e8ixer el nostre dia a dia i saber molt m\u00e9s de l\u2019Escola Sant Andreu de la Barca, teniu aqu\u00ed a sota un pdf en el qual clicant en els t\u00edtols s\u2019obrir\u00e0 un enlla\u00e7 dels muntatges de v\u00eddeo que us hem preparat. Us proposem un ordre per tal que no us perdeu res.<\/p>\n<p><a href=\"https:\/\/agora.xtec.cat\/ceipsab\/wp-content\/uploads\/usu1011\/2022\/02\/Escola-Sant-Andreu-de-la-Barca-Portes-Obertes-2022.pdf\" target=\"_blank\" rel=\"noopener\"><img loading=\"lazy\" decoding=\"async\" class=\"aligncenter wp-image-8830 \" src=\"https:\/\/agora.xtec.cat\/ceipsab\/wp-content\/uploads\/usu1011\/2022\/02\/Captura.png\" alt=\"\" width=\"761\" height=\"428\" srcset=\"https:\/\/agora.xtec.cat\/ceipsab\/wp-content\/uploads\/usu1011\/2022\/02\/Captura.png 966w, https:\/\/agora.xtec.cat\/ceipsab\/wp-content\/uploads\/usu1011\/2022\/02\/Captura-300x169.png 300w, https:\/\/agora.xtec.cat\/ceipsab\/wp-content\/uploads\/usu1011\/2022\/02\/Captura-768x432.png 768w\" sizes=\"auto, (max-width: 761px) 100vw, 761px\" \/><\/a><\/p>\n<p><iframe loading=\"lazy\" title=\"Escola Sant Andreu de la Barca - Un dia a P3 2022\" width=\"500\" height=\"281\" src=\"https:\/\/www.youtube.com\/embed\/WnhwR3_dVjY?feature=oembed\" frameborder=\"0\" allow=\"accelerometer; autoplay; clipboard-write; encrypted-media; gyroscope; picture-in-picture; web-share\" referrerpolicy=\"strict-origin-when-cross-origin\" allowfullscreen><\/iframe><\/p>\n<p><iframe loading=\"lazy\" title=\"Escola Sant Andreu de la Barca - Promocional 2022\" width=\"500\" height=\"281\" src=\"https:\/\/www.youtube.com\/embed\/7Kk_OMFAnU4?feature=oembed\" frameborder=\"0\" allow=\"accelerometer; autoplay; clipboard-write; encrypted-media; gyroscope; picture-in-picture; web-share\" referrerpolicy=\"strict-origin-when-cross-origin\" allowfullscreen><\/iframe><\/p>\n<h3 style=\"text-align: center;\"><a href=\"https:\/\/agora.xtec.cat\/ceipsab\/wp-content\/uploads\/usu1011\/2022\/02\/INFANTIL.pdf\"><span style=\"color: #ff0000;\">Tr\u00edptic Educaci\u00f3 Infantil<\/span><\/a><\/h3>\n<h3 style=\"text-align: center;\"><a href=\"https:\/\/agora.xtec.cat\/ceipsab\/wp-content\/uploads\/usu1011\/2022\/02\/EDUCACIO-PRIMARIA-.pdf\"><span style=\"color: #339966;\">Tr\u00edptic Prim\u00e0ria<\/span><\/a><\/h3>\n<h4 style=\"text-align: center;\"><a href=\"https:\/\/preinscripcio.gencat.cat\/ca\/inici\/\"><b>Web de preinscripci\u00f3 per a les fam\u00edlies<\/b>.\u00a0<\/a><\/h4>\n<p>&nbsp;<\/p>\n<p>No dubteu en trucar o enviar-nos un correu per aclarir\u00a0 dubtes o inquietuds:<\/p>\n<ul>\n<li><a href=\"mailto:escolasab@xtex.cat\">Correu: a8060848<span class=\"\">@xtex.cat<\/span><\/a><\/li>\n<li>Telf: 93 682 83 44<\/li>\n<\/ul>\n","protected":false},"excerpt":{"rendered":"<p>Benvolgudes fam\u00edlies,<br \/>\nSi esteu interessats a con\u00e8ixer la nostra escola, no us perdeu aquests v\u00eddeos!!!<br \/>\nPer poder familiaritzar-vos amb les nostres instal\u00b7lacions, metodologia, con\u00e8ixer el nostre dia a dia i saber molt m\u00e9s de l\u2019Escola Sant Andreu de la Barca, teniu aqu\u00ed a sota un pdf en&hellip;  <a href=\"https:\/\/agora.xtec.cat\/ceipsab\/portada\/portes-obertes-coneix-la-nostra-escola\/\" title=\"Read Portes obertes. Coneix la nostra escola.\">Llegeix m\u00e9s\u00bb<\/a><\/p>\n","protected":false},"author":3,"featured_media":8830,"comment_status":"open","ping_status":"closed","sticky":false,"template":"","format":"standard","meta":{"_bbp_topic_count":0,"_bbp_reply_count":0,"_bbp_total_topic_count":0,"_bbp_total_reply_count":0,"_bbp_voice_count":0,"_bbp_anonymous_reply_count":0,"_bbp_topic_count_hidden":0,"_bbp_reply_count_hidden":0,"_bbp_forum_subforum_count":0,"footnotes":""},"categories":[4],"tags":[269],"class_list":["post-8826","post","type-post","status-publish","format-standard","has-post-thumbnail","hentry","category-portada","tag-portes-obertes"],"post_mailing_queue_ids":[],"_links":{"self":[{"href":"https:\/\/agora.xtec.cat\/ceipsab\/wp-json\/wp\/v2\/posts\/8826","targetHints":{"allow":["GET"]}}],"collection":[{"href":"https:\/\/agora.xtec.cat\/ceipsab\/wp-json\/wp\/v2\/posts"}],"about":[{"href":"https:\/\/agora.xtec.cat\/ceipsab\/wp-json\/wp\/v2\/types\/post"}],"author":[{"embeddable":true,"href":"https:\/\/agora.xtec.cat\/ceipsab\/wp-json\/wp\/v2\/users\/3"}],"replies":[{"embeddable":true,"href":"https:\/\/agora.xtec.cat\/ceipsab\/wp-json\/wp\/v2\/comments?post=8826"}],"version-history":[{"count":3,"href":"https:\/\/agora.xtec.cat\/ceipsab\/wp-json\/wp\/v2\/posts\/8826\/revisions"}],"predecessor-version":[{"id":8932,"href":"https:\/\/agora.xtec.cat\/ceipsab\/wp-json\/wp\/v2\/posts\/8826\/revisions\/8932"}],"wp:featuredmedia":[{"embeddable":true,"href":"https:\/\/agora.xtec.cat\/ceipsab\/wp-json\/wp\/v2\/media\/8830"}],"wp:attachment":[{"href":"https:\/\/agora.xtec.cat\/ceipsab\/wp-json\/wp\/v2\/media?parent=8826"}],"wp:term":[{"taxonomy":"category","embeddable":true,"href":"https:\/\/agora.xtec.cat\/ceipsab\/wp-json\/wp\/v2\/categories?post=8826"},{"taxonomy":"post_tag","embeddable":true,"href":"https:\/\/agora.xtec.cat\/ceipsab\/wp-json\/wp\/v2\/tags?post=8826"}],"curies":[{"name":"wp","href":"https:\/\/api.w.org\/{rel}","templated":true}]}}