{"id":8822,"date":"2022-02-18T12:41:53","date_gmt":"2022-02-18T11:41:53","guid":{"rendered":"https:\/\/agora.xtec.cat\/ceipsab\/?p=8822"},"modified":"2022-02-23T18:44:12","modified_gmt":"2022-02-23T17:44:12","slug":"taller-de-batucada-a-6e","status":"publish","type":"post","link":"https:\/\/agora.xtec.cat\/ceipsab\/primaria\/cicle-superior\/6e\/taller-de-batucada-a-6e\/","title":{"rendered":"TALLER DE BATUCADA A 6\u00e8"},"content":{"rendered":"<p>Avui divendres 11 de febrer els\/les alumnes de 6\u00e8 hem tingut una experi\u00e8ncia molt emocionant ja que han vingut a fer-nos un taller de percussi\u00f3 i batucada de Brasil.<\/p>\n<p>Ens ha agradat molt perqu\u00e8 hem tocat instruments que mai hav\u00edem tocat com per exemple els surdos 1er, 2n, 3r, els agog\u00f3s i els tamborils. Hem apr\u00e8s a utilizar gestos per comunicar-nos entre nosaltres mentre toquem. Hem sentit que parl\u00e0vem entre nosaltres tocant els instruments. Tamb\u00e9 hem cantat i ballat al ritme de la m\u00fasica.<\/p>\n<p>Ha estat una experi\u00e8ncia \u00fanica que ens agradaria tornar a repetir. Us deixem algunes fotos i algun v\u00eddeo.<a href=\"https:\/\/photos.app.goo.gl\/m2bf9GtLN2KMSSAR6\"><img loading=\"lazy\" decoding=\"async\" class=\"wp-image-8823 aligncenter\" src=\"https:\/\/agora.xtec.cat\/ceipsab\/wp-content\/uploads\/usu1011\/2022\/02\/tambor-1-musica-11188968.png\" alt=\"\" width=\"154\" height=\"121\" srcset=\"https:\/\/agora.xtec.cat\/ceipsab\/wp-content\/uploads\/usu1011\/2022\/02\/tambor-1-musica-11188968.png 600w, https:\/\/agora.xtec.cat\/ceipsab\/wp-content\/uploads\/usu1011\/2022\/02\/tambor-1-musica-11188968-300x235.png 300w\" sizes=\"auto, (max-width: 154px) 100vw, 154px\" \/><\/a><\/p>\n<p>&nbsp;<\/p>\n<p>&nbsp;<\/p>\n<p>&nbsp;<\/p>\n","protected":false},"excerpt":{"rendered":"<p>Avui divendres 11 de febrer els\/les alumnes de 6\u00e8 hem tingut una experi\u00e8ncia molt emocionant ja que han vingut a fer-nos un taller de percussi\u00f3 i batucada de Brasil.<br \/>\nEns ha agradat molt perqu\u00e8 hem tocat instruments que mai hav\u00edem tocat com per exemple els surdos&hellip;  <a href=\"https:\/\/agora.xtec.cat\/ceipsab\/primaria\/cicle-superior\/6e\/taller-de-batucada-a-6e\/\" title=\"Read TALLER DE BATUCADA A 6\u00e8\">Llegeix m\u00e9s\u00bb<\/a><\/p>\n","protected":false},"author":1,"featured_media":0,"comment_status":"closed","ping_status":"closed","sticky":false,"template":"","format":"standard","meta":{"_bbp_topic_count":0,"_bbp_reply_count":0,"_bbp_total_topic_count":0,"_bbp_total_reply_count":0,"_bbp_voice_count":0,"_bbp_anonymous_reply_count":0,"_bbp_topic_count_hidden":0,"_bbp_reply_count_hidden":0,"_bbp_forum_subforum_count":0,"footnotes":""},"categories":[15,65],"tags":[357,175,356],"class_list":["post-8822","post","type-post","status-publish","format-standard","hentry","category-6e","category-cicle-superior","tag-6e","tag-musica","tag-percussio"],"post_mailing_queue_ids":[],"_links":{"self":[{"href":"https:\/\/agora.xtec.cat\/ceipsab\/wp-json\/wp\/v2\/posts\/8822","targetHints":{"allow":["GET"]}}],"collection":[{"href":"https:\/\/agora.xtec.cat\/ceipsab\/wp-json\/wp\/v2\/posts"}],"about":[{"href":"https:\/\/agora.xtec.cat\/ceipsab\/wp-json\/wp\/v2\/types\/post"}],"author":[{"embeddable":true,"href":"https:\/\/agora.xtec.cat\/ceipsab\/wp-json\/wp\/v2\/users\/1"}],"replies":[{"embeddable":true,"href":"https:\/\/agora.xtec.cat\/ceipsab\/wp-json\/wp\/v2\/comments?post=8822"}],"version-history":[{"count":3,"href":"https:\/\/agora.xtec.cat\/ceipsab\/wp-json\/wp\/v2\/posts\/8822\/revisions"}],"predecessor-version":[{"id":8846,"href":"https:\/\/agora.xtec.cat\/ceipsab\/wp-json\/wp\/v2\/posts\/8822\/revisions\/8846"}],"wp:attachment":[{"href":"https:\/\/agora.xtec.cat\/ceipsab\/wp-json\/wp\/v2\/media?parent=8822"}],"wp:term":[{"taxonomy":"category","embeddable":true,"href":"https:\/\/agora.xtec.cat\/ceipsab\/wp-json\/wp\/v2\/categories?post=8822"},{"taxonomy":"post_tag","embeddable":true,"href":"https:\/\/agora.xtec.cat\/ceipsab\/wp-json\/wp\/v2\/tags?post=8822"}],"curies":[{"name":"wp","href":"https:\/\/api.w.org\/{rel}","templated":true}]}}