{"id":8797,"date":"2022-02-15T15:48:13","date_gmt":"2022-02-15T14:48:13","guid":{"rendered":"https:\/\/agora.xtec.cat\/ceipsab\/?p=8797"},"modified":"2022-02-15T15:48:13","modified_gmt":"2022-02-15T14:48:13","slug":"lautoproteccio-de-5e","status":"publish","type":"post","link":"https:\/\/agora.xtec.cat\/ceipsab\/primaria\/lautoproteccio-de-5e\/","title":{"rendered":"L&#8217;AUTOPROTECCI\u00d3 DE 5\u00e8"},"content":{"rendered":"<p>Hola, escola!<\/p>\n<p>El passat 1 de febrer l&#8217;alumnat de 5\u00e8 A i B de la nostra escola v\u00e0rem estar treballant un taller d&#8217;autoprotecci\u00f3 i primers auxilis.<\/p>\n<p>Vam desenvolupar la sessi\u00f3 amb una professional i ens va ensenyar, entre d&#8217;altres coses, a reanimar una persona amb un maniqu\u00ed.<\/p>\n<p>I un consell molt bo que ens va donar, va ser fer la reanimaci\u00f3 seguint el ritme de la &#8220;macarena&#8221;, i ens ho vam passar molt b\u00e9, a m\u00e9s d&#8217;aprendre moltes coses.<\/p>\n<p>Ad\u00e9u, que ho gaudiu!<a href=\"https:\/\/photos.app.goo.gl\/yBchGDrrBzzeMW6Y8\"><img loading=\"lazy\" decoding=\"async\" class=\"alignnone size-full wp-image-8801\" src=\"https:\/\/agora.xtec.cat\/ceipsab\/wp-content\/uploads\/usu1011\/2022\/02\/primeros_auxilios.jpg\" alt=\"\" width=\"800\" height=\"600\" srcset=\"https:\/\/agora.xtec.cat\/ceipsab\/wp-content\/uploads\/usu1011\/2022\/02\/primeros_auxilios.jpg 800w, https:\/\/agora.xtec.cat\/ceipsab\/wp-content\/uploads\/usu1011\/2022\/02\/primeros_auxilios-300x225.jpg 300w, https:\/\/agora.xtec.cat\/ceipsab\/wp-content\/uploads\/usu1011\/2022\/02\/primeros_auxilios-768x576.jpg 768w, https:\/\/agora.xtec.cat\/ceipsab\/wp-content\/uploads\/usu1011\/2022\/02\/primeros_auxilios-200x150.jpg 200w\" sizes=\"auto, (max-width: 800px) 100vw, 800px\" \/><\/a><\/p>\n","protected":false},"excerpt":{"rendered":"<p>Hola, escola!<br \/>\nEl passat 1 de febrer l&#8217;alumnat de 5\u00e8 A i B de la nostra escola v\u00e0rem estar treballant un taller d&#8217;autoprotecci\u00f3 i primers auxilis.<br \/>\nVam desenvolupar la sessi\u00f3 amb una professional i ens va ensenyar, entre d&#8217;altres coses, a reanimar una persona amb un maniqu\u00ed.<br \/>\nI&hellip;  <a href=\"https:\/\/agora.xtec.cat\/ceipsab\/primaria\/lautoproteccio-de-5e\/\" title=\"Read L&#8217;AUTOPROTECCI\u00d3 DE 5\u00e8\">Llegeix m\u00e9s\u00bb<\/a><\/p>\n","protected":false},"author":1,"featured_media":8801,"comment_status":"open","ping_status":"closed","sticky":false,"template":"","format":"standard","meta":{"_bbp_topic_count":0,"_bbp_reply_count":0,"_bbp_total_topic_count":0,"_bbp_total_reply_count":0,"_bbp_voice_count":0,"_bbp_anonymous_reply_count":0,"_bbp_topic_count_hidden":0,"_bbp_reply_count_hidden":0,"_bbp_forum_subforum_count":0,"footnotes":""},"categories":[14,65,5],"tags":[355,322,284,354],"class_list":["post-8797","post","type-post","status-publish","format-standard","has-post-thumbnail","hentry","category-5e","category-cicle-superior","category-primaria","tag-ajuda","tag-autoproteccio","tag-cinque","tag-primersauxilis"],"post_mailing_queue_ids":[],"_links":{"self":[{"href":"https:\/\/agora.xtec.cat\/ceipsab\/wp-json\/wp\/v2\/posts\/8797","targetHints":{"allow":["GET"]}}],"collection":[{"href":"https:\/\/agora.xtec.cat\/ceipsab\/wp-json\/wp\/v2\/posts"}],"about":[{"href":"https:\/\/agora.xtec.cat\/ceipsab\/wp-json\/wp\/v2\/types\/post"}],"author":[{"embeddable":true,"href":"https:\/\/agora.xtec.cat\/ceipsab\/wp-json\/wp\/v2\/users\/1"}],"replies":[{"embeddable":true,"href":"https:\/\/agora.xtec.cat\/ceipsab\/wp-json\/wp\/v2\/comments?post=8797"}],"version-history":[{"count":1,"href":"https:\/\/agora.xtec.cat\/ceipsab\/wp-json\/wp\/v2\/posts\/8797\/revisions"}],"predecessor-version":[{"id":8803,"href":"https:\/\/agora.xtec.cat\/ceipsab\/wp-json\/wp\/v2\/posts\/8797\/revisions\/8803"}],"wp:featuredmedia":[{"embeddable":true,"href":"https:\/\/agora.xtec.cat\/ceipsab\/wp-json\/wp\/v2\/media\/8801"}],"wp:attachment":[{"href":"https:\/\/agora.xtec.cat\/ceipsab\/wp-json\/wp\/v2\/media?parent=8797"}],"wp:term":[{"taxonomy":"category","embeddable":true,"href":"https:\/\/agora.xtec.cat\/ceipsab\/wp-json\/wp\/v2\/categories?post=8797"},{"taxonomy":"post_tag","embeddable":true,"href":"https:\/\/agora.xtec.cat\/ceipsab\/wp-json\/wp\/v2\/tags?post=8797"}],"curies":[{"name":"wp","href":"https:\/\/api.w.org\/{rel}","templated":true}]}}