{"id":8781,"date":"2022-02-15T13:31:53","date_gmt":"2022-02-15T12:31:53","guid":{"rendered":"https:\/\/agora.xtec.cat\/ceipsab\/?p=8781"},"modified":"2022-02-15T13:31:53","modified_gmt":"2022-02-15T12:31:53","slug":"p3-magia-color-blau","status":"publish","type":"post","link":"https:\/\/agora.xtec.cat\/ceipsab\/educacio-infantil\/p3\/p3-magia-color-blau\/","title":{"rendered":"P3 M\u00c0GIA COLOR BLAU"},"content":{"rendered":"<p><span style=\"font-weight: 400\">Hola fam\u00edlies!<\/span><\/p>\n<p><span style=\"font-weight: 400\">L&#8217;altre dia va ser un dia molt divertit a l\u2019escola, sabeu per qu\u00e8? Doncs resulta que vam fer m\u00e0gia, la m\u00e0gia del color blau.\u00a0<\/span><\/p>\n<p><span style=\"font-weight: 400\">Primer, vam sentir el conte de la Bruixa coloraina i vam aprendre unes paraules m\u00e0giques que ells fa servir. Despr\u00e9s vam posar aigua a una ampolla, vam dir les paraules m\u00e0giques amb la vareta i\u2026. l\u2019aigua es va tornar blava! Ens voleu veure?\u00a0<\/span><\/p>\n<p><span style=\"font-weight: 400\">Ens podeu veure a continuaci\u00f3<\/span><i><span style=\"font-weight: 400\"> (clicant a sobre de la fotografia).<\/span><\/i><\/p>\n<p>P3A<\/p>\n<p><a href=\"https:\/\/photos.app.goo.gl\/oshGyyFHEF4sPEt1A\"><img loading=\"lazy\" decoding=\"async\" class=\"alignnone  wp-image-8782\" src=\"https:\/\/agora.xtec.cat\/ceipsab\/wp-content\/uploads\/usu1011\/2022\/02\/MAGIA-COLOR-BLAU.jpg\" alt=\"\" width=\"161\" height=\"229\" srcset=\"https:\/\/agora.xtec.cat\/ceipsab\/wp-content\/uploads\/usu1011\/2022\/02\/MAGIA-COLOR-BLAU.jpg 362w, https:\/\/agora.xtec.cat\/ceipsab\/wp-content\/uploads\/usu1011\/2022\/02\/MAGIA-COLOR-BLAU-210x300.jpg 210w\" sizes=\"auto, (max-width: 161px) 100vw, 161px\" \/><\/a><\/p>\n<p>P3B<\/p>\n<p><a href=\"https:\/\/photos.app.goo.gl\/tyxcKJAew8m41nTd8\"><img loading=\"lazy\" decoding=\"async\" class=\"alignnone  wp-image-8782\" src=\"https:\/\/agora.xtec.cat\/ceipsab\/wp-content\/uploads\/usu1011\/2022\/02\/MAGIA-COLOR-BLAU.jpg\" alt=\"\" width=\"162\" height=\"231\" srcset=\"https:\/\/agora.xtec.cat\/ceipsab\/wp-content\/uploads\/usu1011\/2022\/02\/MAGIA-COLOR-BLAU.jpg 362w, https:\/\/agora.xtec.cat\/ceipsab\/wp-content\/uploads\/usu1011\/2022\/02\/MAGIA-COLOR-BLAU-210x300.jpg 210w\" sizes=\"auto, (max-width: 162px) 100vw, 162px\" \/><\/a><\/p>\n","protected":false},"excerpt":{"rendered":"<p>Hola fam\u00edlies!<br \/>\nL&#8217;altre dia va ser un dia molt divertit a l\u2019escola, sabeu per qu\u00e8? Doncs resulta que vam fer m\u00e0gia, la m\u00e0gia del color blau.\u00a0<br \/>\nPrimer, vam sentir el conte de la Bruixa coloraina i vam aprendre unes paraules m\u00e0giques que ells fa servir. Despr\u00e9s vam&hellip;  <a href=\"https:\/\/agora.xtec.cat\/ceipsab\/educacio-infantil\/p3\/p3-magia-color-blau\/\" title=\"Read P3 M\u00c0GIA COLOR BLAU\">Llegeix m\u00e9s\u00bb<\/a><\/p>\n","protected":false},"author":1,"featured_media":8782,"comment_status":"open","ping_status":"closed","sticky":false,"template":"","format":"standard","meta":{"_bbp_topic_count":0,"_bbp_reply_count":0,"_bbp_total_topic_count":0,"_bbp_total_reply_count":0,"_bbp_voice_count":0,"_bbp_anonymous_reply_count":0,"_bbp_topic_count_hidden":0,"_bbp_reply_count_hidden":0,"_bbp_forum_subforum_count":0,"footnotes":""},"categories":[62,3],"tags":[],"class_list":["post-8781","post","type-post","status-publish","format-standard","has-post-thumbnail","hentry","category-educacio-infantil","category-p3"],"post_mailing_queue_ids":[],"_links":{"self":[{"href":"https:\/\/agora.xtec.cat\/ceipsab\/wp-json\/wp\/v2\/posts\/8781","targetHints":{"allow":["GET"]}}],"collection":[{"href":"https:\/\/agora.xtec.cat\/ceipsab\/wp-json\/wp\/v2\/posts"}],"about":[{"href":"https:\/\/agora.xtec.cat\/ceipsab\/wp-json\/wp\/v2\/types\/post"}],"author":[{"embeddable":true,"href":"https:\/\/agora.xtec.cat\/ceipsab\/wp-json\/wp\/v2\/users\/1"}],"replies":[{"embeddable":true,"href":"https:\/\/agora.xtec.cat\/ceipsab\/wp-json\/wp\/v2\/comments?post=8781"}],"version-history":[{"count":2,"href":"https:\/\/agora.xtec.cat\/ceipsab\/wp-json\/wp\/v2\/posts\/8781\/revisions"}],"predecessor-version":[{"id":8784,"href":"https:\/\/agora.xtec.cat\/ceipsab\/wp-json\/wp\/v2\/posts\/8781\/revisions\/8784"}],"wp:featuredmedia":[{"embeddable":true,"href":"https:\/\/agora.xtec.cat\/ceipsab\/wp-json\/wp\/v2\/media\/8782"}],"wp:attachment":[{"href":"https:\/\/agora.xtec.cat\/ceipsab\/wp-json\/wp\/v2\/media?parent=8781"}],"wp:term":[{"taxonomy":"category","embeddable":true,"href":"https:\/\/agora.xtec.cat\/ceipsab\/wp-json\/wp\/v2\/categories?post=8781"},{"taxonomy":"post_tag","embeddable":true,"href":"https:\/\/agora.xtec.cat\/ceipsab\/wp-json\/wp\/v2\/tags?post=8781"}],"curies":[{"name":"wp","href":"https:\/\/api.w.org\/{rel}","templated":true}]}}